{"id":1337,"date":"2018-04-16T10:12:43","date_gmt":"2018-04-16T14:12:43","guid":{"rendered":"https:\/\/www.langlais.com\/en\/?p=1337"},"modified":"2019-07-18T08:17:12","modified_gmt":"2019-07-18T12:17:12","slug":"2018-immigration-fair-and-integration-in-quebec","status":"publish","type":"post","link":"https:\/\/www.langlais.com\/en\/2018-immigration-fair-and-integration-in-quebec\/","title":{"rendered":"2018 Immigration Fair and Integration in Quebec"},"content":{"rendered":"<h2>Come meet us!<\/h2>\n<p>Mr Hugues Langlais, Mr Denis L&#8217;Anglais and Mrs M\u00e9lissa Potvin are waiting for you at our booth to answer all your questions concerning immigration to Canada and your integration in Quebec.<\/p>\n<p>Come meet them at <a href=\"http:\/\/www.salonimmigration.com\/fr\/exposants\/cabinet-me-hugues-langlais-avocats\" target=\"_blank\" rel=\"noopener noreferrer\">Salon de l&#8217;Immigration et de l&#8217;Int\u00e9gration au Qu\u00e9bec \u00e0 Montr\u00e9al<\/a>.<\/p>\n<p><strong>Kiosk #65<\/strong>\u00a0of the area <a href=\"http:\/\/www.salonimmigration.com\/fr\/plan-du-salon\" target=\"_blank\" rel=\"noopener noreferrer\"><strong><em>Installation<\/em><\/strong><\/a> (click on the link to see the plan)<\/p>\n<p><em><strong>When:<\/strong> May 30th &amp; 31st, 2018<br \/>\n<\/em><em><strong>Time:<\/strong> 10:00am to 6:00pm<\/em><\/p>\n<p><em><strong>Where:<\/strong><\/em><br \/>\n<em>Palais des cong\u00e8s de Montr\u00e9al (Subway line orange)<\/em><br \/>\n<em>1001, place Jean-Paul-Riopelle<\/em><br \/>\n<em>Montr\u00e9al (Qu\u00e9bec)\u00a0 H2Z 1M2<\/em><\/p>\n<h2><strong>Conference by our firm:<\/strong><\/h2>\n<p><em><strong><a href=\"http:\/\/www.salonimmigration.com\/fr\/ateliers-et-conferences\/Parrainer-un-membre-de-sa-famille\" target=\"_blank\" rel=\"noopener noreferrer\">Sponsor a member of your family!<\/a><\/strong><\/em><\/p>\n<p><em><strong>When:<\/strong> May 3oth, 2018<\/em><br \/>\n<em><strong>Time:<\/strong> 3:30pm to 4:30pm<\/em><\/p>\n<p><em><strong>Where:<\/strong> Salle d&#8217;atelier A (Worshop room)<\/em><\/p>\n<h2><em><strong>Free admission for all!<\/strong><\/em><\/h2>\n<p><img loading=\"lazy\" decoding=\"async\" class=\"alignnone wp-image-1341\" src=\"https:\/\/www.langlais.com\/wp-content\/uploads\/2018\/04\/d29caa4c-b722-4584-8fc0-1fe18769187a-1-300x131.png\" alt=\"\" width=\"385\" height=\"168\" srcset=\"https:\/\/www.langlais.com\/wp-content\/uploads\/2018\/04\/d29caa4c-b722-4584-8fc0-1fe18769187a-1-300x131.png 300w, https:\/\/www.langlais.com\/wp-content\/uploads\/2018\/04\/d29caa4c-b722-4584-8fc0-1fe18769187a-1-600x262.png 600w, https:\/\/www.langlais.com\/wp-content\/uploads\/2018\/04\/d29caa4c-b722-4584-8fc0-1fe18769187a-1-768x336.png 768w, https:\/\/www.langlais.com\/wp-content\/uploads\/2018\/04\/d29caa4c-b722-4584-8fc0-1fe18769187a-1-1024x447.png 1024w, https:\/\/www.langlais.com\/wp-content\/uploads\/2018\/04\/d29caa4c-b722-4584-8fc0-1fe18769187a-1.png 1920w\" sizes=\"auto, (max-width: 385px) 100vw, 385px\" \/><\/p>\n","protected":false},"excerpt":{"rendered":"<p>Come meet us! Mr Hugues Langlais, Mr Denis L&#8217;Anglais and Mrs M\u00e9lissa Potvin are waiting for you at our booth to answer all your questions concerning immigration to Canada and your integration in Quebec. Come meet them at Salon de l&#8217;Immigration et de l&#8217;Int\u00e9gration au Qu\u00e9bec \u00e0 Montr\u00e9al. Kiosk #65\u00a0of the area Installation (click on the link to see the plan) When: May 30th &amp; 31st, 2018 Time: 10:00am to 6:00pm Where: Palais des cong\u00e8s de Montr\u00e9al (Subway line orange) 1001, place Jean-Paul-Riopelle Montr\u00e9al (Qu\u00e9bec)\u00a0 H2Z 1M2 Conference by our firm: Sponsor a member of your family! When: May 3oth,&#8230;<\/p>\n","protected":false},"author":5,"featured_media":1316,"comment_status":"closed","ping_status":"closed","sticky":false,"template":"","format":"standard","meta":{"footnotes":""},"categories":[109],"tags":[],"class_list":["post-1337","post","type-post","status-publish","format-standard","has-post-thumbnail","hentry","category-in-the-press"],"yoast_head":"<!-- This site is optimized with the Yoast SEO plugin v27.4 - https:\/\/yoast.com\/product\/yoast-seo-wordpress\/ -->\n<title>2018 Immigration Fair and Integration in Quebec - Cabinet d&#039;avocats M\u1d49 Hugues Langlais<\/title>\n<meta name=\"robots\" content=\"index, follow, max-snippet:-1, max-image-preview:large, max-video-preview:-1\" \/>\n<link rel=\"canonical\" href=\"https:\/\/www.langlais.com\/en\/2018-immigration-fair-and-integration-in-quebec\/\" \/>\n<meta property=\"og:locale\" content=\"en_US\" \/>\n<meta property=\"og:type\" content=\"article\" \/>\n<meta property=\"og:title\" content=\"2018 Immigration Fair and Integration in Quebec - Cabinet d&#039;avocats M\u1d49 Hugues Langlais\" \/>\n<meta property=\"og:description\" content=\"Come meet us! Mr Hugues Langlais, Mr Denis L&#8217;Anglais and Mrs M\u00e9lissa Potvin are waiting for you at our booth to answer all your questions concerning immigration to Canada and your integration in Quebec. Come meet them at Salon de l&#8217;Immigration et de l&#8217;Int\u00e9gration au Qu\u00e9bec \u00e0 Montr\u00e9al. Kiosk #65\u00a0of the area Installation (click on the link to see the plan) When: May 30th &amp; 31st, 2018 Time: 10:00am to 6:00pm Where: Palais des cong\u00e8s de Montr\u00e9al (Subway line orange) 1001, place Jean-Paul-Riopelle Montr\u00e9al (Qu\u00e9bec)\u00a0 H2Z 1M2 Conference by our firm: Sponsor a member of your family! When: May 3oth,...\" \/>\n<meta property=\"og:url\" content=\"https:\/\/www.langlais.com\/en\/2018-immigration-fair-and-integration-in-quebec\/\" \/>\n<meta property=\"og:site_name\" content=\"Cabinet d&#039;avocats M\u1d49 Hugues Langlais\" \/>\n<meta property=\"article:publisher\" content=\"https:\/\/www.facebook.com\/langlaisimmigration\/\" \/>\n<meta property=\"article:published_time\" content=\"2018-04-16T14:12:43+00:00\" \/>\n<meta property=\"article:modified_time\" content=\"2019-07-18T12:17:12+00:00\" \/>\n<meta property=\"og:image\" content=\"https:\/\/www.langlais.com\/wp-content\/uploads\/2018\/04\/160525_zq7gr_rdi-salon-immigration_sn635.jpg\" \/>\n\t<meta property=\"og:image:width\" content=\"635\" \/>\n\t<meta property=\"og:image:height\" content=\"357\" \/>\n\t<meta property=\"og:image:type\" content=\"image\/jpeg\" \/>\n<meta name=\"author\" content=\"Hugues\" \/>\n<meta name=\"twitter:card\" content=\"summary_large_image\" \/>\n<meta name=\"twitter:creator\" content=\"@LanglaisLawFirm\" \/>\n<meta name=\"twitter:site\" content=\"@LanglaisLawFirm\" \/>\n<meta name=\"twitter:label1\" content=\"Written by\" \/>\n\t<meta name=\"twitter:data1\" content=\"Hugues\" \/>\n\t<meta name=\"twitter:label2\" content=\"Est. reading time\" \/>\n\t<meta name=\"twitter:data2\" content=\"1 minute\" \/>\n<script type=\"application\/ld+json\" class=\"yoast-schema-graph\">{\"@context\":\"https:\\\/\\\/schema.org\",\"@graph\":[{\"@type\":\"Article\",\"@id\":\"https:\\\/\\\/www.langlais.com\\\/en\\\/2018-immigration-fair-and-integration-in-quebec\\\/#article\",\"isPartOf\":{\"@id\":\"https:\\\/\\\/www.langlais.com\\\/en\\\/2018-immigration-fair-and-integration-in-quebec\\\/\"},\"author\":{\"name\":\"Hugues\",\"@id\":\"https:\\\/\\\/www.langlais.com\\\/en\\\/#\\\/schema\\\/person\\\/ebf1a44547429f0afb1602448d45c958\"},\"headline\":\"2018 Immigration Fair and Integration in Quebec\",\"datePublished\":\"2018-04-16T14:12:43+00:00\",\"dateModified\":\"2019-07-18T12:17:12+00:00\",\"mainEntityOfPage\":{\"@id\":\"https:\\\/\\\/www.langlais.com\\\/en\\\/2018-immigration-fair-and-integration-in-quebec\\\/\"},\"wordCount\":130,\"publisher\":{\"@id\":\"https:\\\/\\\/www.langlais.com\\\/en\\\/#organization\"},\"image\":{\"@id\":\"https:\\\/\\\/www.langlais.com\\\/en\\\/2018-immigration-fair-and-integration-in-quebec\\\/#primaryimage\"},\"thumbnailUrl\":\"https:\\\/\\\/www.langlais.com\\\/wp-content\\\/uploads\\\/2018\\\/04\\\/160525_zq7gr_rdi-salon-immigration_sn635.jpg\",\"articleSection\":[\"In the press\"],\"inLanguage\":\"en-US\"},{\"@type\":\"WebPage\",\"@id\":\"https:\\\/\\\/www.langlais.com\\\/en\\\/2018-immigration-fair-and-integration-in-quebec\\\/\",\"url\":\"https:\\\/\\\/www.langlais.com\\\/en\\\/2018-immigration-fair-and-integration-in-quebec\\\/\",\"name\":\"2018 Immigration Fair and Integration in Quebec - Cabinet d&#039;avocats M\u1d49 Hugues Langlais\",\"isPartOf\":{\"@id\":\"https:\\\/\\\/www.langlais.com\\\/en\\\/#website\"},\"primaryImageOfPage\":{\"@id\":\"https:\\\/\\\/www.langlais.com\\\/en\\\/2018-immigration-fair-and-integration-in-quebec\\\/#primaryimage\"},\"image\":{\"@id\":\"https:\\\/\\\/www.langlais.com\\\/en\\\/2018-immigration-fair-and-integration-in-quebec\\\/#primaryimage\"},\"thumbnailUrl\":\"https:\\\/\\\/www.langlais.com\\\/wp-content\\\/uploads\\\/2018\\\/04\\\/160525_zq7gr_rdi-salon-immigration_sn635.jpg\",\"datePublished\":\"2018-04-16T14:12:43+00:00\",\"dateModified\":\"2019-07-18T12:17:12+00:00\",\"breadcrumb\":{\"@id\":\"https:\\\/\\\/www.langlais.com\\\/en\\\/2018-immigration-fair-and-integration-in-quebec\\\/#breadcrumb\"},\"inLanguage\":\"en-US\",\"potentialAction\":[{\"@type\":\"ReadAction\",\"target\":[\"https:\\\/\\\/www.langlais.com\\\/en\\\/2018-immigration-fair-and-integration-in-quebec\\\/\"]}]},{\"@type\":\"ImageObject\",\"inLanguage\":\"en-US\",\"@id\":\"https:\\\/\\\/www.langlais.com\\\/en\\\/2018-immigration-fair-and-integration-in-quebec\\\/#primaryimage\",\"url\":\"https:\\\/\\\/www.langlais.com\\\/wp-content\\\/uploads\\\/2018\\\/04\\\/160525_zq7gr_rdi-salon-immigration_sn635.jpg\",\"contentUrl\":\"https:\\\/\\\/www.langlais.com\\\/wp-content\\\/uploads\\\/2018\\\/04\\\/160525_zq7gr_rdi-salon-immigration_sn635.jpg\",\"width\":635,\"height\":357},{\"@type\":\"BreadcrumbList\",\"@id\":\"https:\\\/\\\/www.langlais.com\\\/en\\\/2018-immigration-fair-and-integration-in-quebec\\\/#breadcrumb\",\"itemListElement\":[{\"@type\":\"ListItem\",\"position\":1,\"name\":\"Accueil\",\"item\":\"https:\\\/\\\/www.langlais.com\\\/en\\\/\"},{\"@type\":\"ListItem\",\"position\":2,\"name\":\"2018 Immigration Fair and Integration in Quebec\"}]},{\"@type\":\"WebSite\",\"@id\":\"https:\\\/\\\/www.langlais.com\\\/en\\\/#website\",\"url\":\"https:\\\/\\\/www.langlais.com\\\/en\\\/\",\"name\":\"Cabinet M\u1d49 Hugues Langlais Avocats en Immigration\",\"description\":\"\",\"publisher\":{\"@id\":\"https:\\\/\\\/www.langlais.com\\\/en\\\/#organization\"},\"potentialAction\":[{\"@type\":\"SearchAction\",\"target\":{\"@type\":\"EntryPoint\",\"urlTemplate\":\"https:\\\/\\\/www.langlais.com\\\/en\\\/?s={search_term_string}\"},\"query-input\":{\"@type\":\"PropertyValueSpecification\",\"valueRequired\":true,\"valueName\":\"search_term_string\"}}],\"inLanguage\":\"en-US\"},{\"@type\":\"Organization\",\"@id\":\"https:\\\/\\\/www.langlais.com\\\/en\\\/#organization\",\"name\":\"Cabinet M\u1d49 Hugues Langlais Avocats en Immigration\",\"url\":\"https:\\\/\\\/www.langlais.com\\\/en\\\/\",\"logo\":{\"@type\":\"ImageObject\",\"inLanguage\":\"en-US\",\"@id\":\"https:\\\/\\\/www.langlais.com\\\/en\\\/#\\\/schema\\\/logo\\\/image\\\/\",\"url\":\"https:\\\/\\\/www.langlais.com\\\/wp-content\\\/uploads\\\/2019\\\/05\\\/Cabinet-Me-Hugues-Langlais-logo-sq.jpg\",\"contentUrl\":\"https:\\\/\\\/www.langlais.com\\\/wp-content\\\/uploads\\\/2019\\\/05\\\/Cabinet-Me-Hugues-Langlais-logo-sq.jpg\",\"width\":578,\"height\":578,\"caption\":\"Cabinet M\u1d49 Hugues Langlais Avocats en Immigration\"},\"image\":{\"@id\":\"https:\\\/\\\/www.langlais.com\\\/en\\\/#\\\/schema\\\/logo\\\/image\\\/\"},\"sameAs\":[\"https:\\\/\\\/www.facebook.com\\\/langlaisimmigration\\\/\",\"https:\\\/\\\/x.com\\\/LanglaisLawFirm\",\"https:\\\/\\\/www.linkedin.com\\\/in\\\/hugueslanglais4immigrationlaw\\\/\",\"https:\\\/\\\/www.youtube.com\\\/channel\\\/UCBKNZKz80QxrR4P253Hmykw\"]},{\"@type\":\"Person\",\"@id\":\"https:\\\/\\\/www.langlais.com\\\/en\\\/#\\\/schema\\\/person\\\/ebf1a44547429f0afb1602448d45c958\",\"name\":\"Hugues\",\"image\":{\"@type\":\"ImageObject\",\"inLanguage\":\"en-US\",\"@id\":\"https:\\\/\\\/secure.gravatar.com\\\/avatar\\\/a1df498cee01fc20b309dd5034cd0090e21ddb45e40bfc188827b63c6b847166?s=96&d=mm&r=g\",\"url\":\"https:\\\/\\\/secure.gravatar.com\\\/avatar\\\/a1df498cee01fc20b309dd5034cd0090e21ddb45e40bfc188827b63c6b847166?s=96&d=mm&r=g\",\"contentUrl\":\"https:\\\/\\\/secure.gravatar.com\\\/avatar\\\/a1df498cee01fc20b309dd5034cd0090e21ddb45e40bfc188827b63c6b847166?s=96&d=mm&r=g\",\"caption\":\"Hugues\"},\"url\":\"https:\\\/\\\/www.langlais.com\\\/en\\\/author\\\/hugues\\\/\"}]}<\/script>\n<!-- \/ Yoast SEO plugin. -->","yoast_head_json":{"title":"2018 Immigration Fair and Integration in Quebec - Cabinet d&#039;avocats M\u1d49 Hugues Langlais","robots":{"index":"index","follow":"follow","max-snippet":"max-snippet:-1","max-image-preview":"max-image-preview:large","max-video-preview":"max-video-preview:-1"},"canonical":"https:\/\/www.langlais.com\/en\/2018-immigration-fair-and-integration-in-quebec\/","og_locale":"en_US","og_type":"article","og_title":"2018 Immigration Fair and Integration in Quebec - Cabinet d&#039;avocats M\u1d49 Hugues Langlais","og_description":"Come meet us! Mr Hugues Langlais, Mr Denis L&#8217;Anglais and Mrs M\u00e9lissa Potvin are waiting for you at our booth to answer all your questions concerning immigration to Canada and your integration in Quebec. Come meet them at Salon de l&#8217;Immigration et de l&#8217;Int\u00e9gration au Qu\u00e9bec \u00e0 Montr\u00e9al. Kiosk #65\u00a0of the area Installation (click on the link to see the plan) When: May 30th &amp; 31st, 2018 Time: 10:00am to 6:00pm Where: Palais des cong\u00e8s de Montr\u00e9al (Subway line orange) 1001, place Jean-Paul-Riopelle Montr\u00e9al (Qu\u00e9bec)\u00a0 H2Z 1M2 Conference by our firm: Sponsor a member of your family! When: May 3oth,...","og_url":"https:\/\/www.langlais.com\/en\/2018-immigration-fair-and-integration-in-quebec\/","og_site_name":"Cabinet d&#039;avocats M\u1d49 Hugues Langlais","article_publisher":"https:\/\/www.facebook.com\/langlaisimmigration\/","article_published_time":"2018-04-16T14:12:43+00:00","article_modified_time":"2019-07-18T12:17:12+00:00","og_image":[{"width":635,"height":357,"url":"https:\/\/www.langlais.com\/wp-content\/uploads\/2018\/04\/160525_zq7gr_rdi-salon-immigration_sn635.jpg","type":"image\/jpeg"}],"author":"Hugues","twitter_card":"summary_large_image","twitter_creator":"@LanglaisLawFirm","twitter_site":"@LanglaisLawFirm","twitter_misc":{"Written by":"Hugues","Est. reading time":"1 minute"},"schema":{"@context":"https:\/\/schema.org","@graph":[{"@type":"Article","@id":"https:\/\/www.langlais.com\/en\/2018-immigration-fair-and-integration-in-quebec\/#article","isPartOf":{"@id":"https:\/\/www.langlais.com\/en\/2018-immigration-fair-and-integration-in-quebec\/"},"author":{"name":"Hugues","@id":"https:\/\/www.langlais.com\/en\/#\/schema\/person\/ebf1a44547429f0afb1602448d45c958"},"headline":"2018 Immigration Fair and Integration in Quebec","datePublished":"2018-04-16T14:12:43+00:00","dateModified":"2019-07-18T12:17:12+00:00","mainEntityOfPage":{"@id":"https:\/\/www.langlais.com\/en\/2018-immigration-fair-and-integration-in-quebec\/"},"wordCount":130,"publisher":{"@id":"https:\/\/www.langlais.com\/en\/#organization"},"image":{"@id":"https:\/\/www.langlais.com\/en\/2018-immigration-fair-and-integration-in-quebec\/#primaryimage"},"thumbnailUrl":"https:\/\/www.langlais.com\/wp-content\/uploads\/2018\/04\/160525_zq7gr_rdi-salon-immigration_sn635.jpg","articleSection":["In the press"],"inLanguage":"en-US"},{"@type":"WebPage","@id":"https:\/\/www.langlais.com\/en\/2018-immigration-fair-and-integration-in-quebec\/","url":"https:\/\/www.langlais.com\/en\/2018-immigration-fair-and-integration-in-quebec\/","name":"2018 Immigration Fair and Integration in Quebec - Cabinet d&#039;avocats M\u1d49 Hugues Langlais","isPartOf":{"@id":"https:\/\/www.langlais.com\/en\/#website"},"primaryImageOfPage":{"@id":"https:\/\/www.langlais.com\/en\/2018-immigration-fair-and-integration-in-quebec\/#primaryimage"},"image":{"@id":"https:\/\/www.langlais.com\/en\/2018-immigration-fair-and-integration-in-quebec\/#primaryimage"},"thumbnailUrl":"https:\/\/www.langlais.com\/wp-content\/uploads\/2018\/04\/160525_zq7gr_rdi-salon-immigration_sn635.jpg","datePublished":"2018-04-16T14:12:43+00:00","dateModified":"2019-07-18T12:17:12+00:00","breadcrumb":{"@id":"https:\/\/www.langlais.com\/en\/2018-immigration-fair-and-integration-in-quebec\/#breadcrumb"},"inLanguage":"en-US","potentialAction":[{"@type":"ReadAction","target":["https:\/\/www.langlais.com\/en\/2018-immigration-fair-and-integration-in-quebec\/"]}]},{"@type":"ImageObject","inLanguage":"en-US","@id":"https:\/\/www.langlais.com\/en\/2018-immigration-fair-and-integration-in-quebec\/#primaryimage","url":"https:\/\/www.langlais.com\/wp-content\/uploads\/2018\/04\/160525_zq7gr_rdi-salon-immigration_sn635.jpg","contentUrl":"https:\/\/www.langlais.com\/wp-content\/uploads\/2018\/04\/160525_zq7gr_rdi-salon-immigration_sn635.jpg","width":635,"height":357},{"@type":"BreadcrumbList","@id":"https:\/\/www.langlais.com\/en\/2018-immigration-fair-and-integration-in-quebec\/#breadcrumb","itemListElement":[{"@type":"ListItem","position":1,"name":"Accueil","item":"https:\/\/www.langlais.com\/en\/"},{"@type":"ListItem","position":2,"name":"2018 Immigration Fair and Integration in Quebec"}]},{"@type":"WebSite","@id":"https:\/\/www.langlais.com\/en\/#website","url":"https:\/\/www.langlais.com\/en\/","name":"Cabinet M\u1d49 Hugues Langlais Avocats en Immigration","description":"","publisher":{"@id":"https:\/\/www.langlais.com\/en\/#organization"},"potentialAction":[{"@type":"SearchAction","target":{"@type":"EntryPoint","urlTemplate":"https:\/\/www.langlais.com\/en\/?s={search_term_string}"},"query-input":{"@type":"PropertyValueSpecification","valueRequired":true,"valueName":"search_term_string"}}],"inLanguage":"en-US"},{"@type":"Organization","@id":"https:\/\/www.langlais.com\/en\/#organization","name":"Cabinet M\u1d49 Hugues Langlais Avocats en Immigration","url":"https:\/\/www.langlais.com\/en\/","logo":{"@type":"ImageObject","inLanguage":"en-US","@id":"https:\/\/www.langlais.com\/en\/#\/schema\/logo\/image\/","url":"https:\/\/www.langlais.com\/wp-content\/uploads\/2019\/05\/Cabinet-Me-Hugues-Langlais-logo-sq.jpg","contentUrl":"https:\/\/www.langlais.com\/wp-content\/uploads\/2019\/05\/Cabinet-Me-Hugues-Langlais-logo-sq.jpg","width":578,"height":578,"caption":"Cabinet M\u1d49 Hugues Langlais Avocats en Immigration"},"image":{"@id":"https:\/\/www.langlais.com\/en\/#\/schema\/logo\/image\/"},"sameAs":["https:\/\/www.facebook.com\/langlaisimmigration\/","https:\/\/x.com\/LanglaisLawFirm","https:\/\/www.linkedin.com\/in\/hugueslanglais4immigrationlaw\/","https:\/\/www.youtube.com\/channel\/UCBKNZKz80QxrR4P253Hmykw"]},{"@type":"Person","@id":"https:\/\/www.langlais.com\/en\/#\/schema\/person\/ebf1a44547429f0afb1602448d45c958","name":"Hugues","image":{"@type":"ImageObject","inLanguage":"en-US","@id":"https:\/\/secure.gravatar.com\/avatar\/a1df498cee01fc20b309dd5034cd0090e21ddb45e40bfc188827b63c6b847166?s=96&d=mm&r=g","url":"https:\/\/secure.gravatar.com\/avatar\/a1df498cee01fc20b309dd5034cd0090e21ddb45e40bfc188827b63c6b847166?s=96&d=mm&r=g","contentUrl":"https:\/\/secure.gravatar.com\/avatar\/a1df498cee01fc20b309dd5034cd0090e21ddb45e40bfc188827b63c6b847166?s=96&d=mm&r=g","caption":"Hugues"},"url":"https:\/\/www.langlais.com\/en\/author\/hugues\/"}]}},"_links":{"self":[{"href":"https:\/\/www.langlais.com\/en\/wp-json\/wp\/v2\/posts\/1337","targetHints":{"allow":["GET"]}}],"collection":[{"href":"https:\/\/www.langlais.com\/en\/wp-json\/wp\/v2\/posts"}],"about":[{"href":"https:\/\/www.langlais.com\/en\/wp-json\/wp\/v2\/types\/post"}],"author":[{"embeddable":true,"href":"https:\/\/www.langlais.com\/en\/wp-json\/wp\/v2\/users\/5"}],"replies":[{"embeddable":true,"href":"https:\/\/www.langlais.com\/en\/wp-json\/wp\/v2\/comments?post=1337"}],"version-history":[{"count":1,"href":"https:\/\/www.langlais.com\/en\/wp-json\/wp\/v2\/posts\/1337\/revisions"}],"predecessor-version":[{"id":3805,"href":"https:\/\/www.langlais.com\/en\/wp-json\/wp\/v2\/posts\/1337\/revisions\/3805"}],"wp:featuredmedia":[{"embeddable":true,"href":"https:\/\/www.langlais.com\/en\/wp-json\/wp\/v2\/media\/1316"}],"wp:attachment":[{"href":"https:\/\/www.langlais.com\/en\/wp-json\/wp\/v2\/media?parent=1337"}],"wp:term":[{"taxonomy":"category","embeddable":true,"href":"https:\/\/www.langlais.com\/en\/wp-json\/wp\/v2\/categories?post=1337"},{"taxonomy":"post_tag","embeddable":true,"href":"https:\/\/www.langlais.com\/en\/wp-json\/wp\/v2\/tags?post=1337"}],"curies":[{"name":"wp","href":"https:\/\/api.w.org\/{rel}","templated":true}]}}