{"id":1359,"date":"2018-05-16T09:29:27","date_gmt":"2018-05-16T13:29:27","guid":{"rendered":"https:\/\/www.langlais.com\/?p=1359"},"modified":"2019-07-18T08:01:28","modified_gmt":"2019-07-18T12:01:28","slug":"notre-presence-dans-les-medias","status":"publish","type":"post","link":"https:\/\/www.langlais.com\/en\/notre-presence-dans-les-medias\/","title":{"rendered":"Notre pr\u00e9sence dans les m\u00e9dias"},"content":{"rendered":"<h2>2019<\/h2>\n<ul>\n<li>Le 12 mars 2019, \u00ab<a href=\"https:\/\/ici.radio-canada.ca\/nouvelle\/1157353\/immigration-religieux-inquiets-anxieux-avenir-quebec\" target=\"_blank\" rel=\"noopener noreferrer\">Des immigrants religieux sont inquiets et anxieux pour leur avenir au Qu\u00e9bec<\/a>\u00bb, ICI Radio-Canada<\/li>\n<\/ul>\n<h2>2018<\/h2>\n<ul>\n<li>Le 21 septembre 2018, \u00ab<a href=\"https:\/\/www.cbc.ca\/news\/the-national-for-september-21-2018-1.4834634\" target=\"_blank\" rel=\"noopener noreferrer\">The National for September 21, 2018<\/a>\u00bb, CBC (anglais) \u00e0 31m30<\/li>\n<li>Le 20 septembre 2018, \u00ab<a href=\"https:\/\/ici.radio-canada.ca\/tele\/enquete\/site\/episodes\/413407\/operation-chen-investisseurs-immigration-visas-canada-frederic-zalac\" target=\"_blank\" rel=\"noopener noreferrer\">Op\u00e9ration M. Chen: La face cach\u00e9e des visas dor\u00e9s qu\u00e9b\u00e9cois<\/a>\u00bb,\u00a0 <em>Enqu\u00eate, ICI Radio-Canad<\/em>a, \u00e0 11m23<\/li>\n<li>Le 30 mai 2018. \u00ab<a href=\"https:\/\/www.youtube.com\/watch?v=Dj6bE9yXq20\" target=\"_blank\" rel=\"noopener noreferrer\">\u00c9mission sp\u00e9ciale de Radio Canada International -Salon de l&#8217;immigration 2018<\/a>\u00bb, ICI Radio-Canada<\/li>\n<li>Le 26 avril 2018, \u00ab<a href=\"https:\/\/ici.radio-canada.ca\/premiere\/emissions\/l-actuel\/episodes\/405860\/audio-fil-du-jeudi-26-avril-2018\/13\" target=\"_blank\" rel=\"noopener noreferrer\">La situation des demandeurs d&#8217;asile au Canada<\/a>\u00bb, L&#8217;actuel, ICI Radio-Canada.ca (17h16)<\/li>\n<li>Le 29 mars 2018, \u00ab<a href=\"https:\/\/ici.radio-canada.ca\/nouvelle\/1091974\/carte-nexus-frontiere-canada-etats-unis\" target=\"_blank\" rel=\"noopener noreferrer\">Carte Nexus: donner ses informations personnelles pour gagner quelques secondes \u00e0 la fronti\u00e8re<\/a>\u00bb, par Ryan Remiorz, Radio-Canada<\/li>\n<\/ul>\n<h2>2017<\/h2>\n<ul>\n<li>Le 4 d\u00e9cembre 2017, \u00ab<a href=\"http:\/\/www.cpac.ca\/fr\/programs\/les-comites-du-senat\/episodes\/56241244\" target=\"_blank\" rel=\"noopener noreferrer\">Comit\u00e9 s\u00e9natorial sur la S\u00e9curit\u00e9 nationale et D\u00e9fense<\/a>\u00bb, Projet de loi C-23, Audition du 4 d\u00e9cembre 2017<\/li>\n<li>Le 30 octobre 2017, \u00ab<a href=\"https:\/\/store.lexisnexis.ca\/fr\/categories\/recherche-par-juridiction\/quebec-11\/droit-de-limmigration-et-de-la-citoyennete-skusku-cad-6640\/details\" target=\"_blank\" rel=\"noopener noreferrer\">Droit de l&#8217;immigration et de la citoyennet\u00e9<\/a>\u00bb,\u00a0LexisNexis Canada,\u00a0Par <a href=\"https:\/\/www.langlais.com\/client\/hugues-langlais\/\">Hugues Langlais<\/a>\u00a0<span class=\"black\">(Auteur),\u00a0<\/span>H\u00e9l\u00e8ne Mayrand\u00a0<span class=\"black\">(Auteur)<\/span>,\u00a0Joseph Allen\u00a0<span class=\"black\">(Auteur)<\/span>,\u00a0Jean-Fran\u00e7ois Bertrand\u00a0<span class=\"black\">(Auteur)<\/span>,\u00a0Carole Fiore\u00a0<span class=\"black\">(Auteur)<\/span>,\u00a0Stephen James Fogarty\u00a0<span class=\"black\">(Auteur)<\/span>,\u00a0Sara Goessaert<span class=\"black\">(Auteur)<\/span>,\u00a0Diane Petit\u00a0<span class=\"black\">(Auteur)<\/span>,\u00a0Alain Valli\u00e8res\u00a0<span class=\"black\">(Auteur).<\/span><\/li>\n<li>Le 13 octobre 2017, \u00ab<a href=\"http:\/\/exeme-avocats.com\/2017\/10\/13\/congres-gesica-justice-transhumanisme\/\" target=\"_blank\" rel=\"noopener noreferrer\">Algorithmisation, justice et transhumanisme<\/a>\u00bb, Congr\u00e8s Gesica 2017<\/li>\n<li>Le 16 ao\u00fbt 2017, \u00ab<a href=\"http:\/\/www.lapresse.ca\/actualites\/grand-montreal\/201708\/16\/01-5124893-la-ville-sanctuaire-une-coquille-vide-.php\" target=\"_blank\" rel=\"noopener noreferrer\">La ville sanctuaire, une \u00abcoquille vide\u00bb?<\/a>\u00bb, par Marie-\u00c8ve Morasse, La Presse.ca<\/li>\n<li>Le 9 ao\u00fbt 2017, \u00ab<a href=\"http:\/\/www.sympatico.ca\/actualites\/nouvelles\/regions\/quebec\/vivre-sans-les-siens-le-poids-de-l-attente-d-un-refugie-syrien-1.3050874\" target=\"_blank\" rel=\"noopener noreferrer\">Vivre sans les siens: le poids de l&#8217;attente d&#8217;un r\u00e9fugi\u00e9 syrien<\/a>\u00bb, par Cathy Senay, ICI Radio-Canada<\/li>\n<li>Le 7 ao\u00fbt 2017, \u00ab<a href=\"http:\/\/www.rcinet.ca\/zh\/2017\/08\/07\/130568\/\" target=\"_blank\" rel=\"noopener noreferrer\">L&#8217;avenir des Ha\u00eftiens entrant au Canada est incertain selon les sociologues interrog\u00e9s<\/a>\u00bb, par Wu Wei, RCI Radio-Canada International -texte en mandarin ( \u8fdb\u5165\u52a0\u62ff\u5927\u7684\u6d77\u5730\u4eba\u524d\u9014\u672a\u535c\uff0c\u793e\u4f1a\u5b66\u5bb6\u63d0\u51fa\u8d28\u7591)<\/li>\n<li>Le 4 ao\u00fbt 2017, \u00ab<a href=\"https:\/\/cphactualite.com\/canada-demander-lasile-un-long-processus-a-lissue-incertaine\/\" target=\"_blank\" rel=\"noopener noreferrer\">Demander l&#8217;asile, un long processus \u00e0 l&#8217;issue incertaine<\/a>\u00bb, par CPHactualit\u00e9s<\/li>\n<li>Le 20 juillet 2017, \u00ab<a href=\"https:\/\/www.ledevoir.com\/politique\/canada\/503808\/marijuana\" target=\"_blank\" rel=\"noopener noreferrer\">Une simple contravention pour 20g de marijuana de trop<\/a>\u00bb, par Marie Vastel, Le Devoir<\/li>\n<li>Mai 2017, \u00ab<a href=\"https:\/\/link.springer.com\/article\/10.1007%2Fs12134-016-0496-7\" target=\"_blank\" rel=\"noopener noreferrer\">DNA testing for Family reunification in Canada: Points to consider<\/a>\u00bb, Journal of international migration and integration, Volume 18, Issue 2, pp 391-404 -texte en anglais<\/li>\n<\/ul>\n<h2>2016<\/h2>\n<ul>\n<li>Le 24 f\u00e9vrier 2016, \u00ab<a href=\"http:\/\/www.statelessness.ca\/summit-2016-programme.html\" target=\"_blank\" rel=\"noopener noreferrer\">The first summit on statelessness in Canada<\/a>\u00bb, Canadian Center on statelessness, 2016 -texte en anglais<\/li>\n<li>Le 16 f\u00e9vrier 2016, \u00ab<a href=\"http:\/\/www.lapresse.ca\/actualites\/201602\/16\/01-4951191-un-cafouillage-informatique-laisse-des-milliers-dimmigrants-dans-le-doute.php\" target=\"_blank\" rel=\"noopener noreferrer\">Un cafouillage informatique laisse des milliers d&#8217;immigrants dans le doute<\/a>\u00bb, par Martin Croteau, La Presse.ca<\/li>\n<li>Le 15 janvier 2016, \u00ab<a href=\"http:\/\/www.cbc.ca\/news\/canada\/montreal\/syrian-jihadists-updates-from-syria-1.3406716\" target=\"_blank\" rel=\"noopener noreferrer\">Concern for young Quebecers believed to have joined ISIS<\/a>\u00bb, CBC News -texte en anglais<\/li>\n<\/ul>\n<h2>2014<\/h2>\n<ul>\n<li>Le 12 d\u00e9cembre 2014, \u00ab<a href=\"https:\/\/ici.radio-canada.ca\/nouvelle\/698083\/nombre-immigrants-philippins-hausse-canada\" target=\"_blank\" rel=\"noopener noreferrer\">Le Canada a accueilli plus de 2300 Philippins depuis le typhon Haiyan<\/a>\u00bb, par Jean-Philippe Robillard, Radio-Canada<\/li>\n<li>Le 21 janvier 2014, \u00ab<a href=\"http:\/\/montrealcampus.ca\/2014\/01\/un-fardeau-qui-pese-lourd\/\" target=\"_blank\" rel=\"noopener noreferrer\">Un fardeau qui p\u00e8se lourd<\/a>\u00bb, par Jean-Philippe Proulx, Montr\u00e9al campus<\/li>\n<\/ul>\n<h2>2013<\/h2>\n<ul>\n<li>Le 30 avril 2013, \u00ab<a href=\"http:\/\/monlimoilou.com\/2013\/ibrahim-soumahoro-obtient-sursis\/\" target=\"_blank\" rel=\"noopener noreferrer\">Ibrahim Soumahoro obtient un sursis<\/a>\u00bb, par Monlimoilou<\/li>\n<li>Le 29 avril 2013, \u00ab<a href=\"https:\/\/ici.radio-canada.ca\/nouvelle\/611374\/ibrahim-soumahoro-sursis-expulsion\" target=\"_blank\" rel=\"noopener noreferrer\">Ibrahim Soumahoro obtient un sursis<\/a>\u00bb, par ICI Radio-Canada -Qu\u00e9bec<\/li>\n<li>Le 29 avril 2013, \u00ab<a href=\"https:\/\/www.lesoleil.com\/actualite\/ibrahim-soumahoro-evite-lexpulsion-6a0948127c3db2d61c08986913cd8efe\" target=\"_blank\" rel=\"noopener noreferrer\">Ibrahim Soumahoro \u00e9vite l&#8217;expulsion<\/a>\u00bb, par Fran\u00e7ois-Olivier Roberge, Le Soleil<\/li>\n<li>Le 29 avril 2013, \u00ab<a href=\"https:\/\/quebec.huffingtonpost.ca\/2013\/04\/29\/ibrahim-soumahoro-obtient_n_3181227.html\" target=\"_blank\" rel=\"noopener noreferrer\">Ibrahim Soumahoro obtient un sursis<\/a>\u00bb, Huffpost Edition Qc<\/li>\n<\/ul>\n<h2>2012 et avant<\/h2>\n<ul>\n<li>Le 23 f\u00e9vrier 2012, \u00ab<a href=\"https:\/\/www.lenouvelliste.ca\/actualites\/justice-et-faits-divers\/quebecois-en-prison-au-mexique-un-systeme-judiciaire-completement-different-130757c20e4b3904b6b8938beea282bb\" target=\"_blank\" rel=\"noopener noreferrer\">Qu\u00e9b\u00e9cois en prison au Mexique: un syst\u00e8me judiciaire compl\u00e8tement diff\u00e9rent<\/a>\u00bb, par Paule Vermot-Desroches, Le Nouvelliste<\/li>\n<li>2012, \u00ab<a href=\"http:\/\/www.avocatshorsquebec.org\/site\/en\/the-news\/1-latest-news\/229-programme-dechange-davocats-montreal-shanghai-un-projet-pilote-en-cours.html\" target=\"_blank\" rel=\"noopener noreferrer\">Programme d&#8217;\u00e9change d&#8217;avocats Montr\u00e9al-Shanghai: un projet pilote en cour<\/a>\u00bb, par Me Sonia Labranche<\/li>\n<li>Le 17 f\u00e9vrier 2012, \u00ab<a href=\"http:\/\/www.journaldemontreal.com\/2012\/02\/17\/familles-abandonnees-par-letat\" target=\"_blank\" rel=\"noopener noreferrer\">Familles abandonn\u00e9es par l&#8217;\u00c9tat<\/a>\u00bb, par Nicolas Saillant, Journal de Montr\u00e9al<br \/>\nLe 17 f\u00e9vrier 2012, \u00ab<a href=\"http:\/\/www.tvanouvelles.ca\/2012\/02\/17\/les-familles-abandonnees-par-letat\" target=\"_blank\" rel=\"noopener noreferrer\">Familles abandonn\u00e9es par l&#8217;\u00c9tat<\/a>\u00bb, par Nicolas Saillant, TVA nouvelles<\/li>\n<li><a href=\"http:\/\/karlwaheed.fr\/wp-content\/uploads\/2014\/02\/8-UIA-Immigration-and-Nationality-Commission-Newsletter-Feb-2012.pdf\" target=\"_blank\" rel=\"noopener noreferrer\">Droit de l\u2019immigration et Nationalit\u00e9<\/a>, Volume 1, Num\u00e9ro 3, F\u00e9vrier 2012<\/li>\n<li>Le 2 septembre 2011, \u00ab<a href=\"https:\/\/www.newswire.ca\/fr\/news-releases\/entente-entre-les-barreaux-de-montreal-et-de-shanghai-508715861.html\" target=\"_blank\" rel=\"noopener noreferrer\">Entente entre les barreaux de Montr\u00e9al et de Shanghai<\/a>\u00bb, par CNW Telbec<\/li>\n<li>Le 26 janvier 2010, \u00ab<a href=\"http:\/\/www.cbc.ca\/news\/canada\/montreal\/immigration-consulting-firm-shuts-doors-1.956581\" target=\"_blank\" rel=\"noopener noreferrer\">Immigration consulting firm shuts doors<\/a>\u00bb, par CBC news (texte en anglais)<\/li>\n<\/ul>\n<hr \/>\n<h2>Autres<\/h2>\n<p><a href=\"http:\/\/immigration.barreau.qc.ca\/fr\/trouver-avocat\/types\/\" target=\"_blank\" rel=\"noopener noreferrer\">Un avocat pour m&#8217;aider -L&#8217;avocat au service de l&#8217;immigration<\/a><br \/>\n2011, Hugues Langlais pour Le Barreau du Qu\u00e9bec<\/p>\n<h2>Comparution comme t\u00e9moin<\/h2>\n<p>Membre de son comit\u00e9 consultatif sur le droit de la citoyennet\u00e9 et de l&#8217;immigration\u00a0pour le <a href=\"https:\/\/sencanada.ca\/en\/Content\/Sen\/committee\/411\/soci\/20cv-f\" target=\"_blank\" rel=\"noopener noreferrer\">projet de loi C-23<\/a>, <em>Loi concernant le pr\u00e9-contr\u00f4le des personnes et des biens au Canada et aux \u00c9tats-Unis<\/em>.<\/p>\n<h2>Comit\u00e9 consultatif<\/h2>\n<p><a href=\"https:\/\/www.langlais.com\/wp-content\/uploads\/2018\/05\/Projet-de-loi-C-6-M\u00e9moire-du-Barreau-du-Qu\u00e9bec.pdf\" target=\"_blank\" rel=\"noopener noreferrer\">Projet de loi C-6 -M\u00e9moire du Barreau du Qu\u00e9bec<\/a> \u2014 <em>Loi modifiant la Loi sur la citoyennet\u00e9 et une autre loi en cons\u00e9quence<\/em>; pr\u00e9sent\u00e9 au Comit\u00e9 permanent de la citoyennet\u00e9 et de l&#8217;immigration de la Chambre des communes du Canada<\/p>\n<h2>Prix et r\u00e9compense<\/h2>\n<p>Le <a href=\"http:\/\/www.aqaadi.com\/a-propos\/prix-obiter-dictum\/\" target=\"_blank\" rel=\"noopener noreferrer\">prix Obiter Dictum<\/a> vise \u00e0 r\u00e9compenser un membre de l\u2019Association qu\u00e9b\u00e9coise des avocates et avocats en droit de l\u2019immigration (AQAADI) pour son\u00a0<strong>engagement b\u00e9n\u00e9vole<\/strong>, son\u00a0<strong>travail remarquable<\/strong>, son\u00a0<strong>d\u00e9vouement exceptionnel<\/strong>\u00a0et sa\u00a0<strong>contribution \u00e0 l\u2019avancement du droit de l\u2019immigration<\/strong>\u00a0et au\u00a0<strong>rayonnement national de l\u2019Association<\/strong>.<\/p>\n<h2>Entrevues t\u00e9l\u00e9vis\u00e9es<\/h2>\n<h3><a href=\"http:\/\/www.ledroitdesavoir.ca\/voir_segment01.asp?id=9&amp;segment=2\" target=\"_blank\" rel=\"noopener noreferrer\">Portrait d\u2019avocat<\/a> &#8211;\u00a0<strong>Me Hugues Langlais<\/strong><\/h3>\n<p>Isabelle Marjorie Tremblay rencontre Me Hugues Langlais qui a fond\u00e9 un cabinet d&#8217;avocats en droit des affaires et de l&#8217;immigration. Travers des histoires poignantes, il nous d\u00e9montre l&#8217;importance du droit de l&#8217;immigration dans notre soci\u00e9t\u00e9.<\/p>\n<h3><a href=\"https:\/\/www.youtube.com\/watch?v=jv8Wx0uPyG8\" target=\"_blank\" rel=\"noopener noreferrer\">Gesica<\/a> &#8211; R\u00e9seau international d&#8217;avocats<\/h3>\n<p>Hugues Langlais, avocat membre du r\u00e9seau Gesica, sp\u00e9cialis\u00e9 dans l&#8217;immigration au Canada et bas\u00e9 \u00e0 Montr\u00e9al, se pr\u00e9sente.<\/p>\n<h2>Radio France Qu\u00e9bec -entrevues audio<\/h2>\n<p>13 novembre 2008, \u00ab<a href=\"https:\/\/www.youtube.com\/watch?v=GPbZnmhzZhU\" target=\"_blank\" rel=\"noopener noreferrer\">Mesures de renvoi et tribunal<\/a>\u00bb<br \/>\n13 novembre 2008, \u00ab<a href=\"https:\/\/www.youtube.com\/watch?v=f3_7eZB-n5w\" target=\"_blank\" rel=\"noopener noreferrer\">R\u00e9sidence permanente et citoyennet\u00e9<\/a>\u00bb<br \/>\n19 ao\u00fbt 2008, \u00ab<a href=\"https:\/\/www.youtube.com\/watch?v=JchCtwbz97M\" target=\"_blank\" rel=\"noopener noreferrer\">Permis de travail<\/a>\u00bb<br \/>\n29 juillet 2008, \u00ab<a href=\"https:\/\/www.youtube.com\/watch?v=OIRd8LqtY4Q\" target=\"_blank\" rel=\"noopener noreferrer\">Immigration au Qu\u00e9bec<\/a>\u00bb<\/p>\n","protected":false},"excerpt":{"rendered":"<p>2019 Le 12 mars 2019, \u00abDes immigrants religieux sont inquiets et anxieux pour leur avenir au Qu\u00e9bec\u00bb, ICI Radio-Canada 2018 Le 21 septembre 2018, \u00abThe National for September 21, 2018\u00bb, CBC (anglais) \u00e0 31m30 Le 20 septembre 2018, \u00abOp\u00e9ration M. Chen: La face cach\u00e9e des visas dor\u00e9s qu\u00e9b\u00e9cois\u00bb,\u00a0 Enqu\u00eate, ICI Radio-Canada, \u00e0 11m23 Le 30 mai 2018. \u00ab\u00c9mission sp\u00e9ciale de Radio Canada International -Salon de l&#8217;immigration 2018\u00bb, ICI Radio-Canada Le 26 avril 2018, \u00abLa situation des demandeurs d&#8217;asile au Canada\u00bb, L&#8217;actuel, ICI Radio-Canada.ca (17h16) Le 29 mars 2018, \u00abCarte Nexus: donner ses informations personnelles pour gagner quelques secondes \u00e0 la&#8230;<\/p>\n","protected":false},"author":5,"featured_media":1365,"comment_status":"closed","ping_status":"closed","sticky":false,"template":"","format":"standard","meta":{"footnotes":""},"categories":[23],"tags":[],"class_list":["post-1359","post","type-post","status-publish","format-standard","has-post-thumbnail","hentry","category-dans-les-medias"],"yoast_head":"<!-- This site is optimized with the Yoast SEO plugin v27.4 - https:\/\/yoast.com\/product\/yoast-seo-wordpress\/ -->\n<title>Notre pr\u00e9sence dans les m\u00e9dias - Cabinet d&#039;avocats M\u1d49 Hugues Langlais<\/title>\n<meta name=\"robots\" content=\"index, follow, max-snippet:-1, max-image-preview:large, max-video-preview:-1\" \/>\n<link rel=\"canonical\" href=\"https:\/\/www.langlais.com\/en\/notre-presence-dans-les-medias\/\" \/>\n<meta property=\"og:locale\" content=\"en_US\" \/>\n<meta property=\"og:type\" content=\"article\" \/>\n<meta property=\"og:title\" content=\"Notre pr\u00e9sence dans les m\u00e9dias - Cabinet d&#039;avocats M\u1d49 Hugues Langlais\" \/>\n<meta property=\"og:description\" content=\"2019 Le 12 mars 2019, \u00abDes immigrants religieux sont inquiets et anxieux pour leur avenir au Qu\u00e9bec\u00bb, ICI Radio-Canada 2018 Le 21 septembre 2018, \u00abThe National for September 21, 2018\u00bb, CBC (anglais) \u00e0 31m30 Le 20 septembre 2018, \u00abOp\u00e9ration M. Chen: La face cach\u00e9e des visas dor\u00e9s qu\u00e9b\u00e9cois\u00bb,\u00a0 Enqu\u00eate, ICI Radio-Canada, \u00e0 11m23 Le 30 mai 2018. \u00ab\u00c9mission sp\u00e9ciale de Radio Canada International -Salon de l&#8217;immigration 2018\u00bb, ICI Radio-Canada Le 26 avril 2018, \u00abLa situation des demandeurs d&#8217;asile au Canada\u00bb, L&#8217;actuel, ICI Radio-Canada.ca (17h16) Le 29 mars 2018, \u00abCarte Nexus: donner ses informations personnelles pour gagner quelques secondes \u00e0 la...\" \/>\n<meta property=\"og:url\" content=\"https:\/\/www.langlais.com\/en\/notre-presence-dans-les-medias\/\" \/>\n<meta property=\"og:site_name\" content=\"Cabinet d&#039;avocats M\u1d49 Hugues Langlais\" \/>\n<meta property=\"article:publisher\" content=\"https:\/\/www.facebook.com\/langlaisimmigration\/\" \/>\n<meta property=\"article:published_time\" content=\"2018-05-16T13:29:27+00:00\" \/>\n<meta property=\"article:modified_time\" content=\"2019-07-18T12:01:28+00:00\" \/>\n<meta property=\"og:image\" content=\"https:\/\/www.langlais.com\/wp-content\/uploads\/2018\/04\/kostenlose-zeitungsabos.jpg\" \/>\n\t<meta property=\"og:image:width\" content=\"760\" \/>\n\t<meta property=\"og:image:height\" content=\"360\" \/>\n\t<meta property=\"og:image:type\" content=\"image\/jpeg\" \/>\n<meta name=\"author\" content=\"Hugues\" \/>\n<meta name=\"twitter:card\" content=\"summary_large_image\" \/>\n<meta name=\"twitter:creator\" content=\"@LanglaisLawFirm\" \/>\n<meta name=\"twitter:site\" content=\"@LanglaisLawFirm\" \/>\n<meta name=\"twitter:label1\" content=\"Written by\" \/>\n\t<meta name=\"twitter:data1\" content=\"Hugues\" \/>\n\t<meta name=\"twitter:label2\" content=\"Est. reading time\" \/>\n\t<meta name=\"twitter:data2\" content=\"4 minutes\" \/>\n<script type=\"application\/ld+json\" class=\"yoast-schema-graph\">{\"@context\":\"https:\\\/\\\/schema.org\",\"@graph\":[{\"@type\":\"Article\",\"@id\":\"https:\\\/\\\/www.langlais.com\\\/en\\\/notre-presence-dans-les-medias\\\/#article\",\"isPartOf\":{\"@id\":\"https:\\\/\\\/www.langlais.com\\\/en\\\/notre-presence-dans-les-medias\\\/\"},\"author\":{\"name\":\"Hugues\",\"@id\":\"https:\\\/\\\/www.langlais.com\\\/en\\\/#\\\/schema\\\/person\\\/ebf1a44547429f0afb1602448d45c958\"},\"headline\":\"Notre pr\u00e9sence dans les m\u00e9dias\",\"datePublished\":\"2018-05-16T13:29:27+00:00\",\"dateModified\":\"2019-07-18T12:01:28+00:00\",\"mainEntityOfPage\":{\"@id\":\"https:\\\/\\\/www.langlais.com\\\/en\\\/notre-presence-dans-les-medias\\\/\"},\"wordCount\":817,\"publisher\":{\"@id\":\"https:\\\/\\\/www.langlais.com\\\/en\\\/#organization\"},\"image\":{\"@id\":\"https:\\\/\\\/www.langlais.com\\\/en\\\/notre-presence-dans-les-medias\\\/#primaryimage\"},\"thumbnailUrl\":\"https:\\\/\\\/www.langlais.com\\\/wp-content\\\/uploads\\\/2018\\\/04\\\/kostenlose-zeitungsabos.jpg\",\"articleSection\":[\"Dans les m\u00e9dias\"],\"inLanguage\":\"en-US\"},{\"@type\":\"WebPage\",\"@id\":\"https:\\\/\\\/www.langlais.com\\\/en\\\/notre-presence-dans-les-medias\\\/\",\"url\":\"https:\\\/\\\/www.langlais.com\\\/en\\\/notre-presence-dans-les-medias\\\/\",\"name\":\"Notre pr\u00e9sence dans les m\u00e9dias - Cabinet d&#039;avocats M\u1d49 Hugues Langlais\",\"isPartOf\":{\"@id\":\"https:\\\/\\\/www.langlais.com\\\/en\\\/#website\"},\"primaryImageOfPage\":{\"@id\":\"https:\\\/\\\/www.langlais.com\\\/en\\\/notre-presence-dans-les-medias\\\/#primaryimage\"},\"image\":{\"@id\":\"https:\\\/\\\/www.langlais.com\\\/en\\\/notre-presence-dans-les-medias\\\/#primaryimage\"},\"thumbnailUrl\":\"https:\\\/\\\/www.langlais.com\\\/wp-content\\\/uploads\\\/2018\\\/04\\\/kostenlose-zeitungsabos.jpg\",\"datePublished\":\"2018-05-16T13:29:27+00:00\",\"dateModified\":\"2019-07-18T12:01:28+00:00\",\"breadcrumb\":{\"@id\":\"https:\\\/\\\/www.langlais.com\\\/en\\\/notre-presence-dans-les-medias\\\/#breadcrumb\"},\"inLanguage\":\"en-US\",\"potentialAction\":[{\"@type\":\"ReadAction\",\"target\":[\"https:\\\/\\\/www.langlais.com\\\/en\\\/notre-presence-dans-les-medias\\\/\"]}]},{\"@type\":\"ImageObject\",\"inLanguage\":\"en-US\",\"@id\":\"https:\\\/\\\/www.langlais.com\\\/en\\\/notre-presence-dans-les-medias\\\/#primaryimage\",\"url\":\"https:\\\/\\\/www.langlais.com\\\/wp-content\\\/uploads\\\/2018\\\/04\\\/kostenlose-zeitungsabos.jpg\",\"contentUrl\":\"https:\\\/\\\/www.langlais.com\\\/wp-content\\\/uploads\\\/2018\\\/04\\\/kostenlose-zeitungsabos.jpg\",\"width\":760,\"height\":360},{\"@type\":\"BreadcrumbList\",\"@id\":\"https:\\\/\\\/www.langlais.com\\\/en\\\/notre-presence-dans-les-medias\\\/#breadcrumb\",\"itemListElement\":[{\"@type\":\"ListItem\",\"position\":1,\"name\":\"Accueil\",\"item\":\"https:\\\/\\\/www.langlais.com\\\/en\\\/\"},{\"@type\":\"ListItem\",\"position\":2,\"name\":\"Notre pr\u00e9sence dans les m\u00e9dias\"}]},{\"@type\":\"WebSite\",\"@id\":\"https:\\\/\\\/www.langlais.com\\\/en\\\/#website\",\"url\":\"https:\\\/\\\/www.langlais.com\\\/en\\\/\",\"name\":\"Cabinet M\u1d49 Hugues Langlais Avocats en Immigration\",\"description\":\"\",\"publisher\":{\"@id\":\"https:\\\/\\\/www.langlais.com\\\/en\\\/#organization\"},\"potentialAction\":[{\"@type\":\"SearchAction\",\"target\":{\"@type\":\"EntryPoint\",\"urlTemplate\":\"https:\\\/\\\/www.langlais.com\\\/en\\\/?s={search_term_string}\"},\"query-input\":{\"@type\":\"PropertyValueSpecification\",\"valueRequired\":true,\"valueName\":\"search_term_string\"}}],\"inLanguage\":\"en-US\"},{\"@type\":\"Organization\",\"@id\":\"https:\\\/\\\/www.langlais.com\\\/en\\\/#organization\",\"name\":\"Cabinet M\u1d49 Hugues Langlais Avocats en Immigration\",\"url\":\"https:\\\/\\\/www.langlais.com\\\/en\\\/\",\"logo\":{\"@type\":\"ImageObject\",\"inLanguage\":\"en-US\",\"@id\":\"https:\\\/\\\/www.langlais.com\\\/en\\\/#\\\/schema\\\/logo\\\/image\\\/\",\"url\":\"https:\\\/\\\/www.langlais.com\\\/wp-content\\\/uploads\\\/2019\\\/05\\\/Cabinet-Me-Hugues-Langlais-logo-sq.jpg\",\"contentUrl\":\"https:\\\/\\\/www.langlais.com\\\/wp-content\\\/uploads\\\/2019\\\/05\\\/Cabinet-Me-Hugues-Langlais-logo-sq.jpg\",\"width\":578,\"height\":578,\"caption\":\"Cabinet M\u1d49 Hugues Langlais Avocats en Immigration\"},\"image\":{\"@id\":\"https:\\\/\\\/www.langlais.com\\\/en\\\/#\\\/schema\\\/logo\\\/image\\\/\"},\"sameAs\":[\"https:\\\/\\\/www.facebook.com\\\/langlaisimmigration\\\/\",\"https:\\\/\\\/x.com\\\/LanglaisLawFirm\",\"https:\\\/\\\/www.linkedin.com\\\/in\\\/hugueslanglais4immigrationlaw\\\/\",\"https:\\\/\\\/www.youtube.com\\\/channel\\\/UCBKNZKz80QxrR4P253Hmykw\"]},{\"@type\":\"Person\",\"@id\":\"https:\\\/\\\/www.langlais.com\\\/en\\\/#\\\/schema\\\/person\\\/ebf1a44547429f0afb1602448d45c958\",\"name\":\"Hugues\",\"image\":{\"@type\":\"ImageObject\",\"inLanguage\":\"en-US\",\"@id\":\"https:\\\/\\\/secure.gravatar.com\\\/avatar\\\/a1df498cee01fc20b309dd5034cd0090e21ddb45e40bfc188827b63c6b847166?s=96&d=mm&r=g\",\"url\":\"https:\\\/\\\/secure.gravatar.com\\\/avatar\\\/a1df498cee01fc20b309dd5034cd0090e21ddb45e40bfc188827b63c6b847166?s=96&d=mm&r=g\",\"contentUrl\":\"https:\\\/\\\/secure.gravatar.com\\\/avatar\\\/a1df498cee01fc20b309dd5034cd0090e21ddb45e40bfc188827b63c6b847166?s=96&d=mm&r=g\",\"caption\":\"Hugues\"},\"url\":\"https:\\\/\\\/www.langlais.com\\\/en\\\/author\\\/hugues\\\/\"}]}<\/script>\n<!-- \/ Yoast SEO plugin. -->","yoast_head_json":{"title":"Notre pr\u00e9sence dans les m\u00e9dias - Cabinet d&#039;avocats M\u1d49 Hugues Langlais","robots":{"index":"index","follow":"follow","max-snippet":"max-snippet:-1","max-image-preview":"max-image-preview:large","max-video-preview":"max-video-preview:-1"},"canonical":"https:\/\/www.langlais.com\/en\/notre-presence-dans-les-medias\/","og_locale":"en_US","og_type":"article","og_title":"Notre pr\u00e9sence dans les m\u00e9dias - Cabinet d&#039;avocats M\u1d49 Hugues Langlais","og_description":"2019 Le 12 mars 2019, \u00abDes immigrants religieux sont inquiets et anxieux pour leur avenir au Qu\u00e9bec\u00bb, ICI Radio-Canada 2018 Le 21 septembre 2018, \u00abThe National for September 21, 2018\u00bb, CBC (anglais) \u00e0 31m30 Le 20 septembre 2018, \u00abOp\u00e9ration M. Chen: La face cach\u00e9e des visas dor\u00e9s qu\u00e9b\u00e9cois\u00bb,\u00a0 Enqu\u00eate, ICI Radio-Canada, \u00e0 11m23 Le 30 mai 2018. \u00ab\u00c9mission sp\u00e9ciale de Radio Canada International -Salon de l&#8217;immigration 2018\u00bb, ICI Radio-Canada Le 26 avril 2018, \u00abLa situation des demandeurs d&#8217;asile au Canada\u00bb, L&#8217;actuel, ICI Radio-Canada.ca (17h16) Le 29 mars 2018, \u00abCarte Nexus: donner ses informations personnelles pour gagner quelques secondes \u00e0 la...","og_url":"https:\/\/www.langlais.com\/en\/notre-presence-dans-les-medias\/","og_site_name":"Cabinet d&#039;avocats M\u1d49 Hugues Langlais","article_publisher":"https:\/\/www.facebook.com\/langlaisimmigration\/","article_published_time":"2018-05-16T13:29:27+00:00","article_modified_time":"2019-07-18T12:01:28+00:00","og_image":[{"width":760,"height":360,"url":"https:\/\/www.langlais.com\/wp-content\/uploads\/2018\/04\/kostenlose-zeitungsabos.jpg","type":"image\/jpeg"}],"author":"Hugues","twitter_card":"summary_large_image","twitter_creator":"@LanglaisLawFirm","twitter_site":"@LanglaisLawFirm","twitter_misc":{"Written by":"Hugues","Est. reading time":"4 minutes"},"schema":{"@context":"https:\/\/schema.org","@graph":[{"@type":"Article","@id":"https:\/\/www.langlais.com\/en\/notre-presence-dans-les-medias\/#article","isPartOf":{"@id":"https:\/\/www.langlais.com\/en\/notre-presence-dans-les-medias\/"},"author":{"name":"Hugues","@id":"https:\/\/www.langlais.com\/en\/#\/schema\/person\/ebf1a44547429f0afb1602448d45c958"},"headline":"Notre pr\u00e9sence dans les m\u00e9dias","datePublished":"2018-05-16T13:29:27+00:00","dateModified":"2019-07-18T12:01:28+00:00","mainEntityOfPage":{"@id":"https:\/\/www.langlais.com\/en\/notre-presence-dans-les-medias\/"},"wordCount":817,"publisher":{"@id":"https:\/\/www.langlais.com\/en\/#organization"},"image":{"@id":"https:\/\/www.langlais.com\/en\/notre-presence-dans-les-medias\/#primaryimage"},"thumbnailUrl":"https:\/\/www.langlais.com\/wp-content\/uploads\/2018\/04\/kostenlose-zeitungsabos.jpg","articleSection":["Dans les m\u00e9dias"],"inLanguage":"en-US"},{"@type":"WebPage","@id":"https:\/\/www.langlais.com\/en\/notre-presence-dans-les-medias\/","url":"https:\/\/www.langlais.com\/en\/notre-presence-dans-les-medias\/","name":"Notre pr\u00e9sence dans les m\u00e9dias - Cabinet d&#039;avocats M\u1d49 Hugues Langlais","isPartOf":{"@id":"https:\/\/www.langlais.com\/en\/#website"},"primaryImageOfPage":{"@id":"https:\/\/www.langlais.com\/en\/notre-presence-dans-les-medias\/#primaryimage"},"image":{"@id":"https:\/\/www.langlais.com\/en\/notre-presence-dans-les-medias\/#primaryimage"},"thumbnailUrl":"https:\/\/www.langlais.com\/wp-content\/uploads\/2018\/04\/kostenlose-zeitungsabos.jpg","datePublished":"2018-05-16T13:29:27+00:00","dateModified":"2019-07-18T12:01:28+00:00","breadcrumb":{"@id":"https:\/\/www.langlais.com\/en\/notre-presence-dans-les-medias\/#breadcrumb"},"inLanguage":"en-US","potentialAction":[{"@type":"ReadAction","target":["https:\/\/www.langlais.com\/en\/notre-presence-dans-les-medias\/"]}]},{"@type":"ImageObject","inLanguage":"en-US","@id":"https:\/\/www.langlais.com\/en\/notre-presence-dans-les-medias\/#primaryimage","url":"https:\/\/www.langlais.com\/wp-content\/uploads\/2018\/04\/kostenlose-zeitungsabos.jpg","contentUrl":"https:\/\/www.langlais.com\/wp-content\/uploads\/2018\/04\/kostenlose-zeitungsabos.jpg","width":760,"height":360},{"@type":"BreadcrumbList","@id":"https:\/\/www.langlais.com\/en\/notre-presence-dans-les-medias\/#breadcrumb","itemListElement":[{"@type":"ListItem","position":1,"name":"Accueil","item":"https:\/\/www.langlais.com\/en\/"},{"@type":"ListItem","position":2,"name":"Notre pr\u00e9sence dans les m\u00e9dias"}]},{"@type":"WebSite","@id":"https:\/\/www.langlais.com\/en\/#website","url":"https:\/\/www.langlais.com\/en\/","name":"Cabinet M\u1d49 Hugues Langlais Avocats en Immigration","description":"","publisher":{"@id":"https:\/\/www.langlais.com\/en\/#organization"},"potentialAction":[{"@type":"SearchAction","target":{"@type":"EntryPoint","urlTemplate":"https:\/\/www.langlais.com\/en\/?s={search_term_string}"},"query-input":{"@type":"PropertyValueSpecification","valueRequired":true,"valueName":"search_term_string"}}],"inLanguage":"en-US"},{"@type":"Organization","@id":"https:\/\/www.langlais.com\/en\/#organization","name":"Cabinet M\u1d49 Hugues Langlais Avocats en Immigration","url":"https:\/\/www.langlais.com\/en\/","logo":{"@type":"ImageObject","inLanguage":"en-US","@id":"https:\/\/www.langlais.com\/en\/#\/schema\/logo\/image\/","url":"https:\/\/www.langlais.com\/wp-content\/uploads\/2019\/05\/Cabinet-Me-Hugues-Langlais-logo-sq.jpg","contentUrl":"https:\/\/www.langlais.com\/wp-content\/uploads\/2019\/05\/Cabinet-Me-Hugues-Langlais-logo-sq.jpg","width":578,"height":578,"caption":"Cabinet M\u1d49 Hugues Langlais Avocats en Immigration"},"image":{"@id":"https:\/\/www.langlais.com\/en\/#\/schema\/logo\/image\/"},"sameAs":["https:\/\/www.facebook.com\/langlaisimmigration\/","https:\/\/x.com\/LanglaisLawFirm","https:\/\/www.linkedin.com\/in\/hugueslanglais4immigrationlaw\/","https:\/\/www.youtube.com\/channel\/UCBKNZKz80QxrR4P253Hmykw"]},{"@type":"Person","@id":"https:\/\/www.langlais.com\/en\/#\/schema\/person\/ebf1a44547429f0afb1602448d45c958","name":"Hugues","image":{"@type":"ImageObject","inLanguage":"en-US","@id":"https:\/\/secure.gravatar.com\/avatar\/a1df498cee01fc20b309dd5034cd0090e21ddb45e40bfc188827b63c6b847166?s=96&d=mm&r=g","url":"https:\/\/secure.gravatar.com\/avatar\/a1df498cee01fc20b309dd5034cd0090e21ddb45e40bfc188827b63c6b847166?s=96&d=mm&r=g","contentUrl":"https:\/\/secure.gravatar.com\/avatar\/a1df498cee01fc20b309dd5034cd0090e21ddb45e40bfc188827b63c6b847166?s=96&d=mm&r=g","caption":"Hugues"},"url":"https:\/\/www.langlais.com\/en\/author\/hugues\/"}]}},"_links":{"self":[{"href":"https:\/\/www.langlais.com\/en\/wp-json\/wp\/v2\/posts\/1359","targetHints":{"allow":["GET"]}}],"collection":[{"href":"https:\/\/www.langlais.com\/en\/wp-json\/wp\/v2\/posts"}],"about":[{"href":"https:\/\/www.langlais.com\/en\/wp-json\/wp\/v2\/types\/post"}],"author":[{"embeddable":true,"href":"https:\/\/www.langlais.com\/en\/wp-json\/wp\/v2\/users\/5"}],"replies":[{"embeddable":true,"href":"https:\/\/www.langlais.com\/en\/wp-json\/wp\/v2\/comments?post=1359"}],"version-history":[{"count":1,"href":"https:\/\/www.langlais.com\/en\/wp-json\/wp\/v2\/posts\/1359\/revisions"}],"predecessor-version":[{"id":3797,"href":"https:\/\/www.langlais.com\/en\/wp-json\/wp\/v2\/posts\/1359\/revisions\/3797"}],"wp:featuredmedia":[{"embeddable":true,"href":"https:\/\/www.langlais.com\/en\/wp-json\/wp\/v2\/media\/1365"}],"wp:attachment":[{"href":"https:\/\/www.langlais.com\/en\/wp-json\/wp\/v2\/media?parent=1359"}],"wp:term":[{"taxonomy":"category","embeddable":true,"href":"https:\/\/www.langlais.com\/en\/wp-json\/wp\/v2\/categories?post=1359"},{"taxonomy":"post_tag","embeddable":true,"href":"https:\/\/www.langlais.com\/en\/wp-json\/wp\/v2\/tags?post=1359"}],"curies":[{"name":"wp","href":"https:\/\/api.w.org\/{rel}","templated":true}]}}