{"id":2064,"date":"2019-03-12T05:38:21","date_gmt":"2019-03-12T09:38:21","guid":{"rendered":"https:\/\/www.langlais.com\/?p=2064"},"modified":"2019-07-18T07:59:26","modified_gmt":"2019-07-18T11:59:26","slug":"linquietude-des-immigrants-religieux","status":"publish","type":"post","link":"https:\/\/www.langlais.com\/en\/linquietude-des-immigrants-religieux\/","title":{"rendered":"L\u2019inqui\u00e9tude des immigrants religieux"},"content":{"rendered":"<p><img loading=\"lazy\" decoding=\"async\" class=\"alignright size-medium wp-image-2074\" src=\"https:\/\/www.langlais.com\/wp-content\/uploads\/2018\/09\/ici-radio-canada-300x200.jpg\" alt=\"Ici Radio-Canada\" width=\"300\" height=\"200\" srcset=\"https:\/\/www.langlais.com\/wp-content\/uploads\/2018\/09\/ici-radio-canada-300x200.jpg 300w, https:\/\/www.langlais.com\/wp-content\/uploads\/2018\/09\/ici-radio-canada-600x400.jpg 600w, https:\/\/www.langlais.com\/wp-content\/uploads\/2018\/09\/ici-radio-canada.jpg 640w\" sizes=\"auto, (max-width: 300px) 100vw, 300px\" \/>Plusieurs religieux pr\u00e9sentement au Qu\u00e9bec proviennent de partout dans le monde. Le projet de loi sur l\u2019immigration, propos\u00e9 par la CAQ, aura un impact direct sur eux.<\/p>\n<p>Me. Langlais a \u00e9t\u00e9 interview\u00e9 par Romain Schu\u00e9 de Radio-Canada sur le sujet. Consultez l\u2019article complet ici\u00a0:<\/p>\n<p><a href=\"https:\/\/ici.radio-canada.ca\/nouvelle\/1157353\/immigration-religieux-inquiets-anxieux-avenir-quebec\">Des immigrants religieux sont \u00ab\u00a0inquiets\u00a0\u00bb et \u00ab\u00a0anxieux\u00a0\u00bb pour leur avenir au Qu\u00e9bec<\/a><\/p>\n","protected":false},"excerpt":{"rendered":"<p>Plusieurs religieux pr\u00e9sentement au Qu\u00e9bec proviennent de partout dans le monde. Le projet de loi sur l\u2019immigration, propos\u00e9 par la CAQ, aura un impact direct sur eux. Me. Langlais a \u00e9t\u00e9 interview\u00e9 par Romain Schu\u00e9 de Radio-Canada sur le sujet. Consultez l\u2019article complet ici\u00a0: Des immigrants religieux sont \u00ab\u00a0inquiets\u00a0\u00bb et \u00ab\u00a0anxieux\u00a0\u00bb pour leur avenir au Qu\u00e9bec<\/p>\n","protected":false},"author":5,"featured_media":2364,"comment_status":"closed","ping_status":"closed","sticky":false,"template":"","format":"standard","meta":{"footnotes":""},"categories":[23],"tags":[],"class_list":["post-2064","post","type-post","status-publish","format-standard","has-post-thumbnail","hentry","category-dans-les-medias"],"yoast_head":"<!-- This site is optimized with the Yoast SEO plugin v27.4 - https:\/\/yoast.com\/product\/yoast-seo-wordpress\/ -->\n<title>L\u2019inqui\u00e9tude des immigrants religieux - Cabinet Me Langlais<\/title>\n<meta name=\"description\" content=\"Plusieurs religieux au Qu\u00e9bec proviennent de partout dans le monde. Le projet de loi sur l\u2019immigration, propos\u00e9 par la CAQ, aura un impact direct sur eux.\" \/>\n<meta name=\"robots\" content=\"index, follow, max-snippet:-1, max-image-preview:large, max-video-preview:-1\" \/>\n<link rel=\"canonical\" href=\"https:\/\/www.langlais.com\/en\/linquietude-des-immigrants-religieux\/\" \/>\n<meta property=\"og:locale\" content=\"en_US\" \/>\n<meta property=\"og:type\" content=\"article\" \/>\n<meta property=\"og:title\" content=\"L\u2019inqui\u00e9tude des immigrants religieux - Cabinet Me Langlais\" \/>\n<meta property=\"og:description\" content=\"Plusieurs religieux au Qu\u00e9bec proviennent de partout dans le monde. Le projet de loi sur l\u2019immigration, propos\u00e9 par la CAQ, aura un impact direct sur eux.\" \/>\n<meta property=\"og:url\" content=\"https:\/\/www.langlais.com\/en\/linquietude-des-immigrants-religieux\/\" \/>\n<meta property=\"og:site_name\" content=\"Cabinet d&#039;avocats M\u1d49 Hugues Langlais\" \/>\n<meta property=\"article:publisher\" content=\"https:\/\/www.facebook.com\/langlaisimmigration\/\" \/>\n<meta property=\"article:published_time\" content=\"2019-03-12T09:38:21+00:00\" \/>\n<meta property=\"article:modified_time\" content=\"2019-07-18T11:59:26+00:00\" \/>\n<meta property=\"og:image\" content=\"https:\/\/www.langlais.com\/wp-content\/uploads\/2019\/05\/ici-radio-canada-300.jpg\" \/>\n\t<meta property=\"og:image:width\" content=\"300\" \/>\n\t<meta property=\"og:image:height\" content=\"300\" \/>\n\t<meta property=\"og:image:type\" content=\"image\/jpeg\" \/>\n<meta name=\"author\" content=\"Hugues\" \/>\n<meta name=\"twitter:card\" content=\"summary_large_image\" \/>\n<meta name=\"twitter:creator\" content=\"@LanglaisLawFirm\" \/>\n<meta name=\"twitter:site\" content=\"@LanglaisLawFirm\" \/>\n<meta name=\"twitter:label1\" content=\"Written by\" \/>\n\t<meta name=\"twitter:data1\" content=\"Hugues\" \/>\n<script type=\"application\/ld+json\" class=\"yoast-schema-graph\">{\"@context\":\"https:\\\/\\\/schema.org\",\"@graph\":[{\"@type\":\"Article\",\"@id\":\"https:\\\/\\\/www.langlais.com\\\/en\\\/linquietude-des-immigrants-religieux\\\/#article\",\"isPartOf\":{\"@id\":\"https:\\\/\\\/www.langlais.com\\\/en\\\/linquietude-des-immigrants-religieux\\\/\"},\"author\":{\"name\":\"Hugues\",\"@id\":\"https:\\\/\\\/www.langlais.com\\\/en\\\/#\\\/schema\\\/person\\\/ebf1a44547429f0afb1602448d45c958\"},\"headline\":\"L\u2019inqui\u00e9tude des immigrants religieux\",\"datePublished\":\"2019-03-12T09:38:21+00:00\",\"dateModified\":\"2019-07-18T11:59:26+00:00\",\"mainEntityOfPage\":{\"@id\":\"https:\\\/\\\/www.langlais.com\\\/en\\\/linquietude-des-immigrants-religieux\\\/\"},\"wordCount\":67,\"publisher\":{\"@id\":\"https:\\\/\\\/www.langlais.com\\\/en\\\/#organization\"},\"image\":{\"@id\":\"https:\\\/\\\/www.langlais.com\\\/en\\\/linquietude-des-immigrants-religieux\\\/#primaryimage\"},\"thumbnailUrl\":\"https:\\\/\\\/www.langlais.com\\\/wp-content\\\/uploads\\\/2019\\\/05\\\/ici-radio-canada-300.jpg\",\"articleSection\":[\"Dans les m\u00e9dias\"],\"inLanguage\":\"en-US\"},{\"@type\":\"WebPage\",\"@id\":\"https:\\\/\\\/www.langlais.com\\\/en\\\/linquietude-des-immigrants-religieux\\\/\",\"url\":\"https:\\\/\\\/www.langlais.com\\\/en\\\/linquietude-des-immigrants-religieux\\\/\",\"name\":\"L\u2019inqui\u00e9tude des immigrants religieux - Cabinet Me Langlais\",\"isPartOf\":{\"@id\":\"https:\\\/\\\/www.langlais.com\\\/en\\\/#website\"},\"primaryImageOfPage\":{\"@id\":\"https:\\\/\\\/www.langlais.com\\\/en\\\/linquietude-des-immigrants-religieux\\\/#primaryimage\"},\"image\":{\"@id\":\"https:\\\/\\\/www.langlais.com\\\/en\\\/linquietude-des-immigrants-religieux\\\/#primaryimage\"},\"thumbnailUrl\":\"https:\\\/\\\/www.langlais.com\\\/wp-content\\\/uploads\\\/2019\\\/05\\\/ici-radio-canada-300.jpg\",\"datePublished\":\"2019-03-12T09:38:21+00:00\",\"dateModified\":\"2019-07-18T11:59:26+00:00\",\"description\":\"Plusieurs religieux au Qu\u00e9bec proviennent de partout dans le monde. Le projet de loi sur l\u2019immigration, propos\u00e9 par la CAQ, aura un impact direct sur eux.\",\"breadcrumb\":{\"@id\":\"https:\\\/\\\/www.langlais.com\\\/en\\\/linquietude-des-immigrants-religieux\\\/#breadcrumb\"},\"inLanguage\":\"en-US\",\"potentialAction\":[{\"@type\":\"ReadAction\",\"target\":[\"https:\\\/\\\/www.langlais.com\\\/en\\\/linquietude-des-immigrants-religieux\\\/\"]}]},{\"@type\":\"ImageObject\",\"inLanguage\":\"en-US\",\"@id\":\"https:\\\/\\\/www.langlais.com\\\/en\\\/linquietude-des-immigrants-religieux\\\/#primaryimage\",\"url\":\"https:\\\/\\\/www.langlais.com\\\/wp-content\\\/uploads\\\/2019\\\/05\\\/ici-radio-canada-300.jpg\",\"contentUrl\":\"https:\\\/\\\/www.langlais.com\\\/wp-content\\\/uploads\\\/2019\\\/05\\\/ici-radio-canada-300.jpg\",\"width\":300,\"height\":300},{\"@type\":\"BreadcrumbList\",\"@id\":\"https:\\\/\\\/www.langlais.com\\\/en\\\/linquietude-des-immigrants-religieux\\\/#breadcrumb\",\"itemListElement\":[{\"@type\":\"ListItem\",\"position\":1,\"name\":\"Accueil\",\"item\":\"https:\\\/\\\/www.langlais.com\\\/en\\\/\"},{\"@type\":\"ListItem\",\"position\":2,\"name\":\"L\u2019inqui\u00e9tude des immigrants religieux\"}]},{\"@type\":\"WebSite\",\"@id\":\"https:\\\/\\\/www.langlais.com\\\/en\\\/#website\",\"url\":\"https:\\\/\\\/www.langlais.com\\\/en\\\/\",\"name\":\"Cabinet M\u1d49 Hugues Langlais Avocats en Immigration\",\"description\":\"\",\"publisher\":{\"@id\":\"https:\\\/\\\/www.langlais.com\\\/en\\\/#organization\"},\"potentialAction\":[{\"@type\":\"SearchAction\",\"target\":{\"@type\":\"EntryPoint\",\"urlTemplate\":\"https:\\\/\\\/www.langlais.com\\\/en\\\/?s={search_term_string}\"},\"query-input\":{\"@type\":\"PropertyValueSpecification\",\"valueRequired\":true,\"valueName\":\"search_term_string\"}}],\"inLanguage\":\"en-US\"},{\"@type\":\"Organization\",\"@id\":\"https:\\\/\\\/www.langlais.com\\\/en\\\/#organization\",\"name\":\"Cabinet M\u1d49 Hugues Langlais Avocats en Immigration\",\"url\":\"https:\\\/\\\/www.langlais.com\\\/en\\\/\",\"logo\":{\"@type\":\"ImageObject\",\"inLanguage\":\"en-US\",\"@id\":\"https:\\\/\\\/www.langlais.com\\\/en\\\/#\\\/schema\\\/logo\\\/image\\\/\",\"url\":\"https:\\\/\\\/www.langlais.com\\\/wp-content\\\/uploads\\\/2019\\\/05\\\/Cabinet-Me-Hugues-Langlais-logo-sq.jpg\",\"contentUrl\":\"https:\\\/\\\/www.langlais.com\\\/wp-content\\\/uploads\\\/2019\\\/05\\\/Cabinet-Me-Hugues-Langlais-logo-sq.jpg\",\"width\":578,\"height\":578,\"caption\":\"Cabinet M\u1d49 Hugues Langlais Avocats en Immigration\"},\"image\":{\"@id\":\"https:\\\/\\\/www.langlais.com\\\/en\\\/#\\\/schema\\\/logo\\\/image\\\/\"},\"sameAs\":[\"https:\\\/\\\/www.facebook.com\\\/langlaisimmigration\\\/\",\"https:\\\/\\\/x.com\\\/LanglaisLawFirm\",\"https:\\\/\\\/www.linkedin.com\\\/in\\\/hugueslanglais4immigrationlaw\\\/\",\"https:\\\/\\\/www.youtube.com\\\/channel\\\/UCBKNZKz80QxrR4P253Hmykw\"]},{\"@type\":\"Person\",\"@id\":\"https:\\\/\\\/www.langlais.com\\\/en\\\/#\\\/schema\\\/person\\\/ebf1a44547429f0afb1602448d45c958\",\"name\":\"Hugues\",\"image\":{\"@type\":\"ImageObject\",\"inLanguage\":\"en-US\",\"@id\":\"https:\\\/\\\/secure.gravatar.com\\\/avatar\\\/a1df498cee01fc20b309dd5034cd0090e21ddb45e40bfc188827b63c6b847166?s=96&d=mm&r=g\",\"url\":\"https:\\\/\\\/secure.gravatar.com\\\/avatar\\\/a1df498cee01fc20b309dd5034cd0090e21ddb45e40bfc188827b63c6b847166?s=96&d=mm&r=g\",\"contentUrl\":\"https:\\\/\\\/secure.gravatar.com\\\/avatar\\\/a1df498cee01fc20b309dd5034cd0090e21ddb45e40bfc188827b63c6b847166?s=96&d=mm&r=g\",\"caption\":\"Hugues\"},\"url\":\"https:\\\/\\\/www.langlais.com\\\/en\\\/author\\\/hugues\\\/\"}]}<\/script>\n<!-- \/ Yoast SEO plugin. -->","yoast_head_json":{"title":"L\u2019inqui\u00e9tude des immigrants religieux - Cabinet Me Langlais","description":"Plusieurs religieux au Qu\u00e9bec proviennent de partout dans le monde. Le projet de loi sur l\u2019immigration, propos\u00e9 par la CAQ, aura un impact direct sur eux.","robots":{"index":"index","follow":"follow","max-snippet":"max-snippet:-1","max-image-preview":"max-image-preview:large","max-video-preview":"max-video-preview:-1"},"canonical":"https:\/\/www.langlais.com\/en\/linquietude-des-immigrants-religieux\/","og_locale":"en_US","og_type":"article","og_title":"L\u2019inqui\u00e9tude des immigrants religieux - Cabinet Me Langlais","og_description":"Plusieurs religieux au Qu\u00e9bec proviennent de partout dans le monde. Le projet de loi sur l\u2019immigration, propos\u00e9 par la CAQ, aura un impact direct sur eux.","og_url":"https:\/\/www.langlais.com\/en\/linquietude-des-immigrants-religieux\/","og_site_name":"Cabinet d&#039;avocats M\u1d49 Hugues Langlais","article_publisher":"https:\/\/www.facebook.com\/langlaisimmigration\/","article_published_time":"2019-03-12T09:38:21+00:00","article_modified_time":"2019-07-18T11:59:26+00:00","og_image":[{"width":300,"height":300,"url":"https:\/\/www.langlais.com\/wp-content\/uploads\/2019\/05\/ici-radio-canada-300.jpg","type":"image\/jpeg"}],"author":"Hugues","twitter_card":"summary_large_image","twitter_creator":"@LanglaisLawFirm","twitter_site":"@LanglaisLawFirm","twitter_misc":{"Written by":"Hugues"},"schema":{"@context":"https:\/\/schema.org","@graph":[{"@type":"Article","@id":"https:\/\/www.langlais.com\/en\/linquietude-des-immigrants-religieux\/#article","isPartOf":{"@id":"https:\/\/www.langlais.com\/en\/linquietude-des-immigrants-religieux\/"},"author":{"name":"Hugues","@id":"https:\/\/www.langlais.com\/en\/#\/schema\/person\/ebf1a44547429f0afb1602448d45c958"},"headline":"L\u2019inqui\u00e9tude des immigrants religieux","datePublished":"2019-03-12T09:38:21+00:00","dateModified":"2019-07-18T11:59:26+00:00","mainEntityOfPage":{"@id":"https:\/\/www.langlais.com\/en\/linquietude-des-immigrants-religieux\/"},"wordCount":67,"publisher":{"@id":"https:\/\/www.langlais.com\/en\/#organization"},"image":{"@id":"https:\/\/www.langlais.com\/en\/linquietude-des-immigrants-religieux\/#primaryimage"},"thumbnailUrl":"https:\/\/www.langlais.com\/wp-content\/uploads\/2019\/05\/ici-radio-canada-300.jpg","articleSection":["Dans les m\u00e9dias"],"inLanguage":"en-US"},{"@type":"WebPage","@id":"https:\/\/www.langlais.com\/en\/linquietude-des-immigrants-religieux\/","url":"https:\/\/www.langlais.com\/en\/linquietude-des-immigrants-religieux\/","name":"L\u2019inqui\u00e9tude des immigrants religieux - Cabinet Me Langlais","isPartOf":{"@id":"https:\/\/www.langlais.com\/en\/#website"},"primaryImageOfPage":{"@id":"https:\/\/www.langlais.com\/en\/linquietude-des-immigrants-religieux\/#primaryimage"},"image":{"@id":"https:\/\/www.langlais.com\/en\/linquietude-des-immigrants-religieux\/#primaryimage"},"thumbnailUrl":"https:\/\/www.langlais.com\/wp-content\/uploads\/2019\/05\/ici-radio-canada-300.jpg","datePublished":"2019-03-12T09:38:21+00:00","dateModified":"2019-07-18T11:59:26+00:00","description":"Plusieurs religieux au Qu\u00e9bec proviennent de partout dans le monde. Le projet de loi sur l\u2019immigration, propos\u00e9 par la CAQ, aura un impact direct sur eux.","breadcrumb":{"@id":"https:\/\/www.langlais.com\/en\/linquietude-des-immigrants-religieux\/#breadcrumb"},"inLanguage":"en-US","potentialAction":[{"@type":"ReadAction","target":["https:\/\/www.langlais.com\/en\/linquietude-des-immigrants-religieux\/"]}]},{"@type":"ImageObject","inLanguage":"en-US","@id":"https:\/\/www.langlais.com\/en\/linquietude-des-immigrants-religieux\/#primaryimage","url":"https:\/\/www.langlais.com\/wp-content\/uploads\/2019\/05\/ici-radio-canada-300.jpg","contentUrl":"https:\/\/www.langlais.com\/wp-content\/uploads\/2019\/05\/ici-radio-canada-300.jpg","width":300,"height":300},{"@type":"BreadcrumbList","@id":"https:\/\/www.langlais.com\/en\/linquietude-des-immigrants-religieux\/#breadcrumb","itemListElement":[{"@type":"ListItem","position":1,"name":"Accueil","item":"https:\/\/www.langlais.com\/en\/"},{"@type":"ListItem","position":2,"name":"L\u2019inqui\u00e9tude des immigrants religieux"}]},{"@type":"WebSite","@id":"https:\/\/www.langlais.com\/en\/#website","url":"https:\/\/www.langlais.com\/en\/","name":"Cabinet M\u1d49 Hugues Langlais Avocats en Immigration","description":"","publisher":{"@id":"https:\/\/www.langlais.com\/en\/#organization"},"potentialAction":[{"@type":"SearchAction","target":{"@type":"EntryPoint","urlTemplate":"https:\/\/www.langlais.com\/en\/?s={search_term_string}"},"query-input":{"@type":"PropertyValueSpecification","valueRequired":true,"valueName":"search_term_string"}}],"inLanguage":"en-US"},{"@type":"Organization","@id":"https:\/\/www.langlais.com\/en\/#organization","name":"Cabinet M\u1d49 Hugues Langlais Avocats en Immigration","url":"https:\/\/www.langlais.com\/en\/","logo":{"@type":"ImageObject","inLanguage":"en-US","@id":"https:\/\/www.langlais.com\/en\/#\/schema\/logo\/image\/","url":"https:\/\/www.langlais.com\/wp-content\/uploads\/2019\/05\/Cabinet-Me-Hugues-Langlais-logo-sq.jpg","contentUrl":"https:\/\/www.langlais.com\/wp-content\/uploads\/2019\/05\/Cabinet-Me-Hugues-Langlais-logo-sq.jpg","width":578,"height":578,"caption":"Cabinet M\u1d49 Hugues Langlais Avocats en Immigration"},"image":{"@id":"https:\/\/www.langlais.com\/en\/#\/schema\/logo\/image\/"},"sameAs":["https:\/\/www.facebook.com\/langlaisimmigration\/","https:\/\/x.com\/LanglaisLawFirm","https:\/\/www.linkedin.com\/in\/hugueslanglais4immigrationlaw\/","https:\/\/www.youtube.com\/channel\/UCBKNZKz80QxrR4P253Hmykw"]},{"@type":"Person","@id":"https:\/\/www.langlais.com\/en\/#\/schema\/person\/ebf1a44547429f0afb1602448d45c958","name":"Hugues","image":{"@type":"ImageObject","inLanguage":"en-US","@id":"https:\/\/secure.gravatar.com\/avatar\/a1df498cee01fc20b309dd5034cd0090e21ddb45e40bfc188827b63c6b847166?s=96&d=mm&r=g","url":"https:\/\/secure.gravatar.com\/avatar\/a1df498cee01fc20b309dd5034cd0090e21ddb45e40bfc188827b63c6b847166?s=96&d=mm&r=g","contentUrl":"https:\/\/secure.gravatar.com\/avatar\/a1df498cee01fc20b309dd5034cd0090e21ddb45e40bfc188827b63c6b847166?s=96&d=mm&r=g","caption":"Hugues"},"url":"https:\/\/www.langlais.com\/en\/author\/hugues\/"}]}},"_links":{"self":[{"href":"https:\/\/www.langlais.com\/en\/wp-json\/wp\/v2\/posts\/2064","targetHints":{"allow":["GET"]}}],"collection":[{"href":"https:\/\/www.langlais.com\/en\/wp-json\/wp\/v2\/posts"}],"about":[{"href":"https:\/\/www.langlais.com\/en\/wp-json\/wp\/v2\/types\/post"}],"author":[{"embeddable":true,"href":"https:\/\/www.langlais.com\/en\/wp-json\/wp\/v2\/users\/5"}],"replies":[{"embeddable":true,"href":"https:\/\/www.langlais.com\/en\/wp-json\/wp\/v2\/comments?post=2064"}],"version-history":[{"count":1,"href":"https:\/\/www.langlais.com\/en\/wp-json\/wp\/v2\/posts\/2064\/revisions"}],"predecessor-version":[{"id":3788,"href":"https:\/\/www.langlais.com\/en\/wp-json\/wp\/v2\/posts\/2064\/revisions\/3788"}],"wp:featuredmedia":[{"embeddable":true,"href":"https:\/\/www.langlais.com\/en\/wp-json\/wp\/v2\/media\/2364"}],"wp:attachment":[{"href":"https:\/\/www.langlais.com\/en\/wp-json\/wp\/v2\/media?parent=2064"}],"wp:term":[{"taxonomy":"category","embeddable":true,"href":"https:\/\/www.langlais.com\/en\/wp-json\/wp\/v2\/categories?post=2064"},{"taxonomy":"post_tag","embeddable":true,"href":"https:\/\/www.langlais.com\/en\/wp-json\/wp\/v2\/tags?post=2064"}],"curies":[{"name":"wp","href":"https:\/\/api.w.org\/{rel}","templated":true}]}}