{"id":3919,"date":"2019-12-16T09:59:00","date_gmt":"2019-12-16T13:59:00","guid":{"rendered":"https:\/\/www.langlais.com\/?p=3919"},"modified":"2019-12-16T09:59:00","modified_gmt":"2019-12-16T13:59:00","slug":"les-limites-du-permis-de-travail-ferme","status":"publish","type":"post","link":"https:\/\/www.langlais.com\/en\/les-limites-du-permis-de-travail-ferme\/","title":{"rendered":"Les limites du permis de travail ferm\u00e9"},"content":{"rendered":"<div id=\"attachment_3924\" style=\"width: 310px\" class=\"wp-caption alignright\"><img loading=\"lazy\" decoding=\"async\" aria-describedby=\"caption-attachment-3924\" class=\"size-medium wp-image-3924\" src=\"https:\/\/www.langlais.com\/wp-content\/uploads\/2019\/12\/dezo-hugues-langlais-immigration-300x169.jpg\" alt=\"Me Hugues Langlais, avocat sp\u00e9cialis\u00e9 en droit de l'immigration\" width=\"300\" height=\"169\" srcset=\"https:\/\/www.langlais.com\/wp-content\/uploads\/2019\/12\/dezo-hugues-langlais-immigration-300x169.jpg 300w, https:\/\/www.langlais.com\/wp-content\/uploads\/2019\/12\/dezo-hugues-langlais-immigration-1024x576.jpg 1024w, https:\/\/www.langlais.com\/wp-content\/uploads\/2019\/12\/dezo-hugues-langlais-immigration-768x432.jpg 768w, https:\/\/www.langlais.com\/wp-content\/uploads\/2019\/12\/dezo-hugues-langlais-immigration-600x337.jpg 600w, https:\/\/www.langlais.com\/wp-content\/uploads\/2019\/12\/dezo-hugues-langlais-immigration.jpg 1250w\" sizes=\"auto, (max-width: 300px) 100vw, 300px\" \/><p id=\"caption-attachment-3924\" class=\"wp-caption-text\">PHOTO : RADIO-CANADA<\/p><\/div>\n<p>Les travailleurs \u00e9trangers temporaires au Canada sous permis de <a id=\"ember102\" class=\"hashtag-link ember-view\" href=\"https:\/\/www.linkedin.com\/feed\/hashtag\/?highlightedUpdateUrns=urn%3Ali%3Aactivity%3A6612092097245835264&amp;keywords=%23travail&amp;originTrackingId=9qPtyK9GQNSahuEWfSI0YA%3D%3D\" target=\"_self\" rel=\"noopener noreferrer\" data-control-name=\"hashtag\"><span id=\"ember103\" class=\"hashtag-a11y ember-view\" dir=\"ltr\"><span class=\"hashtag-a11y__name\">travail<\/span><\/span><\/a> sont souvent sous un permis de travail ferm\u00e9. Qu\u2019advient-il lorsque l\u2019employeur met fin \u00e0 l\u2019emploi? Quelles sont les limites du permis? \u00c9coutez les explications que <a href=\"https:\/\/www.langlais.com\/equipe-2\/me-hugues-langlais\/\">Me Langlais<\/a> a donn\u00e9es \u00e0 la radio de Radio Canada.<\/p>\n<p>Dimanche 15 d\u00e9cembre, <a href=\"https:\/\/ici.radio-canada.ca\/premiere\/emissions\/desautels-le-dimanche\/segments\/entrevue\/146148\/les-limites-du-permis-de-travail-ferme-hugues-langlais\">Michel D\u00e9sautels interviewait Me Hugues Langlais \u00e0 10h36 sur les limites du permis de travail pendant son \u00e9mission radio sur les ondes de Radio Canada &#8211; Premi\u00e8re Cha\u00eene<\/a>.<\/p>\n<p>Le permis de travail ferm\u00e9 contraint le travailleur \u00e9tranger temporaire \u00e0 ne pouvoir travailler qu&#8217;\u00e0 un seul poste. Il le limite \u00e0 un seul employeur, et dans une seule r\u00e9gion. Ce type de permis se d\u00e9livre apr\u00e8s une \u00e9tude approfondie du march\u00e9 du travail local et apr\u00e8s que l&#8217;employeur a d\u00e9bours\u00e9 plusieurs milliers de dollars. Les explications de <strong>Hugues Langlais<\/strong>, avocat sp\u00e9cialis\u00e9 en immigration.<\/p>\n<p><a href=\"https:\/\/ici.radio-canada.ca\/premiere\/emissions\/desautels-le-dimanche\/segments\/entrevue\/146148\/les-limites-du-permis-de-travail-ferme-hugues-langlais\"><strong>Cliquez ici<\/strong><\/a> pour entendre l&#8217;entrevue.<\/p>\n","protected":false},"excerpt":{"rendered":"<p>Les travailleurs \u00e9trangers temporaires au Canada sous permis de travail sont souvent sous un permis de travail ferm\u00e9. Qu\u2019advient-il lorsque l\u2019employeur met fin \u00e0 l\u2019emploi? Quelles sont les limites du permis? \u00c9coutez les explications que Me Langlais a donn\u00e9es \u00e0 la radio de Radio Canada. Dimanche 15 d\u00e9cembre, Michel D\u00e9sautels interviewait Me Hugues Langlais \u00e0 10h36 sur les limites du permis de travail pendant son \u00e9mission radio sur les ondes de Radio Canada &#8211; Premi\u00e8re Cha\u00eene. Le permis de travail ferm\u00e9 contraint le travailleur \u00e9tranger temporaire \u00e0 ne pouvoir travailler qu&#8217;\u00e0 un seul poste. Il le limite \u00e0 un seul&#8230;<\/p>\n","protected":false},"author":5,"featured_media":3922,"comment_status":"open","ping_status":"open","sticky":false,"template":"","format":"standard","meta":{"footnotes":""},"categories":[23],"tags":[],"class_list":["post-3919","post","type-post","status-publish","format-standard","has-post-thumbnail","hentry","category-dans-les-medias"],"yoast_head":"<!-- This site is optimized with the Yoast SEO plugin v27.4 - https:\/\/yoast.com\/product\/yoast-seo-wordpress\/ -->\n<title>Les limites du permis de travail ferm\u00e9 - Cabinet Immigration Langlais<\/title>\n<meta name=\"description\" content=\"Qu\u2019advient-il lorsque l\u2019employeur met fin \u00e0 l\u2019emploi? Quelles sont les limites du permis? \u00c9coutez les explications d Me Langlais sur ICI Premi\u00e8re.\" \/>\n<meta name=\"robots\" content=\"index, follow, max-snippet:-1, max-image-preview:large, max-video-preview:-1\" \/>\n<link rel=\"canonical\" href=\"https:\/\/www.langlais.com\/en\/les-limites-du-permis-de-travail-ferme\/\" \/>\n<meta property=\"og:locale\" content=\"en_US\" \/>\n<meta property=\"og:type\" content=\"article\" \/>\n<meta property=\"og:title\" content=\"Les limites du permis de travail ferm\u00e9 - Cabinet Immigration Langlais\" \/>\n<meta property=\"og:description\" content=\"Qu\u2019advient-il lorsque l\u2019employeur met fin \u00e0 l\u2019emploi? Quelles sont les limites du permis? \u00c9coutez les explications d Me Langlais sur ICI Premi\u00e8re.\" \/>\n<meta property=\"og:url\" content=\"https:\/\/www.langlais.com\/en\/les-limites-du-permis-de-travail-ferme\/\" \/>\n<meta property=\"og:site_name\" content=\"Cabinet d&#039;avocats M\u1d49 Hugues Langlais\" \/>\n<meta property=\"article:publisher\" content=\"https:\/\/www.facebook.com\/langlaisimmigration\/\" \/>\n<meta property=\"article:published_time\" content=\"2019-12-16T13:59:00+00:00\" \/>\n<meta property=\"og:image\" content=\"https:\/\/www.langlais.com\/wp-content\/uploads\/2019\/12\/Ici-premiere-sq-300.png\" \/>\n\t<meta property=\"og:image:width\" content=\"300\" \/>\n\t<meta property=\"og:image:height\" content=\"300\" \/>\n\t<meta property=\"og:image:type\" content=\"image\/png\" \/>\n<meta name=\"author\" content=\"Hugues\" \/>\n<meta name=\"twitter:card\" content=\"summary_large_image\" \/>\n<meta name=\"twitter:creator\" content=\"@LanglaisLawFirm\" \/>\n<meta name=\"twitter:site\" content=\"@LanglaisLawFirm\" \/>\n<meta name=\"twitter:label1\" content=\"Written by\" \/>\n\t<meta name=\"twitter:data1\" content=\"Hugues\" \/>\n\t<meta name=\"twitter:label2\" content=\"Est. reading time\" \/>\n\t<meta name=\"twitter:data2\" content=\"1 minute\" \/>\n<script type=\"application\/ld+json\" class=\"yoast-schema-graph\">{\"@context\":\"https:\\\/\\\/schema.org\",\"@graph\":[{\"@type\":\"Article\",\"@id\":\"https:\\\/\\\/www.langlais.com\\\/en\\\/les-limites-du-permis-de-travail-ferme\\\/#article\",\"isPartOf\":{\"@id\":\"https:\\\/\\\/www.langlais.com\\\/en\\\/les-limites-du-permis-de-travail-ferme\\\/\"},\"author\":{\"name\":\"Hugues\",\"@id\":\"https:\\\/\\\/www.langlais.com\\\/en\\\/#\\\/schema\\\/person\\\/ebf1a44547429f0afb1602448d45c958\"},\"headline\":\"Les limites du permis de travail ferm\u00e9\",\"datePublished\":\"2019-12-16T13:59:00+00:00\",\"mainEntityOfPage\":{\"@id\":\"https:\\\/\\\/www.langlais.com\\\/en\\\/les-limites-du-permis-de-travail-ferme\\\/\"},\"wordCount\":171,\"commentCount\":1,\"publisher\":{\"@id\":\"https:\\\/\\\/www.langlais.com\\\/en\\\/#organization\"},\"image\":{\"@id\":\"https:\\\/\\\/www.langlais.com\\\/en\\\/les-limites-du-permis-de-travail-ferme\\\/#primaryimage\"},\"thumbnailUrl\":\"https:\\\/\\\/www.langlais.com\\\/wp-content\\\/uploads\\\/2019\\\/12\\\/Ici-premiere-sq-300.png\",\"articleSection\":[\"Dans les m\u00e9dias\"],\"inLanguage\":\"en-US\",\"potentialAction\":[{\"@type\":\"CommentAction\",\"name\":\"Comment\",\"target\":[\"https:\\\/\\\/www.langlais.com\\\/en\\\/les-limites-du-permis-de-travail-ferme\\\/#respond\"]}]},{\"@type\":\"WebPage\",\"@id\":\"https:\\\/\\\/www.langlais.com\\\/en\\\/les-limites-du-permis-de-travail-ferme\\\/\",\"url\":\"https:\\\/\\\/www.langlais.com\\\/en\\\/les-limites-du-permis-de-travail-ferme\\\/\",\"name\":\"Les limites du permis de travail ferm\u00e9 - Cabinet Immigration Langlais\",\"isPartOf\":{\"@id\":\"https:\\\/\\\/www.langlais.com\\\/en\\\/#website\"},\"primaryImageOfPage\":{\"@id\":\"https:\\\/\\\/www.langlais.com\\\/en\\\/les-limites-du-permis-de-travail-ferme\\\/#primaryimage\"},\"image\":{\"@id\":\"https:\\\/\\\/www.langlais.com\\\/en\\\/les-limites-du-permis-de-travail-ferme\\\/#primaryimage\"},\"thumbnailUrl\":\"https:\\\/\\\/www.langlais.com\\\/wp-content\\\/uploads\\\/2019\\\/12\\\/Ici-premiere-sq-300.png\",\"datePublished\":\"2019-12-16T13:59:00+00:00\",\"description\":\"Qu\u2019advient-il lorsque l\u2019employeur met fin \u00e0 l\u2019emploi? Quelles sont les limites du permis? \u00c9coutez les explications d Me Langlais sur ICI Premi\u00e8re.\",\"breadcrumb\":{\"@id\":\"https:\\\/\\\/www.langlais.com\\\/en\\\/les-limites-du-permis-de-travail-ferme\\\/#breadcrumb\"},\"inLanguage\":\"en-US\",\"potentialAction\":[{\"@type\":\"ReadAction\",\"target\":[\"https:\\\/\\\/www.langlais.com\\\/en\\\/les-limites-du-permis-de-travail-ferme\\\/\"]}]},{\"@type\":\"ImageObject\",\"inLanguage\":\"en-US\",\"@id\":\"https:\\\/\\\/www.langlais.com\\\/en\\\/les-limites-du-permis-de-travail-ferme\\\/#primaryimage\",\"url\":\"https:\\\/\\\/www.langlais.com\\\/wp-content\\\/uploads\\\/2019\\\/12\\\/Ici-premiere-sq-300.png\",\"contentUrl\":\"https:\\\/\\\/www.langlais.com\\\/wp-content\\\/uploads\\\/2019\\\/12\\\/Ici-premiere-sq-300.png\",\"width\":300,\"height\":300,\"caption\":\"ICI Radio-Canada Premi\u00e8re permit de travail\"},{\"@type\":\"BreadcrumbList\",\"@id\":\"https:\\\/\\\/www.langlais.com\\\/en\\\/les-limites-du-permis-de-travail-ferme\\\/#breadcrumb\",\"itemListElement\":[{\"@type\":\"ListItem\",\"position\":1,\"name\":\"Accueil\",\"item\":\"https:\\\/\\\/www.langlais.com\\\/en\\\/\"},{\"@type\":\"ListItem\",\"position\":2,\"name\":\"Les limites du permis de travail ferm\u00e9\"}]},{\"@type\":\"WebSite\",\"@id\":\"https:\\\/\\\/www.langlais.com\\\/en\\\/#website\",\"url\":\"https:\\\/\\\/www.langlais.com\\\/en\\\/\",\"name\":\"Cabinet M\u1d49 Hugues Langlais Avocats en Immigration\",\"description\":\"\",\"publisher\":{\"@id\":\"https:\\\/\\\/www.langlais.com\\\/en\\\/#organization\"},\"potentialAction\":[{\"@type\":\"SearchAction\",\"target\":{\"@type\":\"EntryPoint\",\"urlTemplate\":\"https:\\\/\\\/www.langlais.com\\\/en\\\/?s={search_term_string}\"},\"query-input\":{\"@type\":\"PropertyValueSpecification\",\"valueRequired\":true,\"valueName\":\"search_term_string\"}}],\"inLanguage\":\"en-US\"},{\"@type\":\"Organization\",\"@id\":\"https:\\\/\\\/www.langlais.com\\\/en\\\/#organization\",\"name\":\"Cabinet M\u1d49 Hugues Langlais Avocats en Immigration\",\"url\":\"https:\\\/\\\/www.langlais.com\\\/en\\\/\",\"logo\":{\"@type\":\"ImageObject\",\"inLanguage\":\"en-US\",\"@id\":\"https:\\\/\\\/www.langlais.com\\\/en\\\/#\\\/schema\\\/logo\\\/image\\\/\",\"url\":\"https:\\\/\\\/www.langlais.com\\\/wp-content\\\/uploads\\\/2019\\\/05\\\/Cabinet-Me-Hugues-Langlais-logo-sq.jpg\",\"contentUrl\":\"https:\\\/\\\/www.langlais.com\\\/wp-content\\\/uploads\\\/2019\\\/05\\\/Cabinet-Me-Hugues-Langlais-logo-sq.jpg\",\"width\":578,\"height\":578,\"caption\":\"Cabinet M\u1d49 Hugues Langlais Avocats en Immigration\"},\"image\":{\"@id\":\"https:\\\/\\\/www.langlais.com\\\/en\\\/#\\\/schema\\\/logo\\\/image\\\/\"},\"sameAs\":[\"https:\\\/\\\/www.facebook.com\\\/langlaisimmigration\\\/\",\"https:\\\/\\\/x.com\\\/LanglaisLawFirm\",\"https:\\\/\\\/www.linkedin.com\\\/in\\\/hugueslanglais4immigrationlaw\\\/\",\"https:\\\/\\\/www.youtube.com\\\/channel\\\/UCBKNZKz80QxrR4P253Hmykw\"]},{\"@type\":\"Person\",\"@id\":\"https:\\\/\\\/www.langlais.com\\\/en\\\/#\\\/schema\\\/person\\\/ebf1a44547429f0afb1602448d45c958\",\"name\":\"Hugues\",\"image\":{\"@type\":\"ImageObject\",\"inLanguage\":\"en-US\",\"@id\":\"https:\\\/\\\/secure.gravatar.com\\\/avatar\\\/a1df498cee01fc20b309dd5034cd0090e21ddb45e40bfc188827b63c6b847166?s=96&d=mm&r=g\",\"url\":\"https:\\\/\\\/secure.gravatar.com\\\/avatar\\\/a1df498cee01fc20b309dd5034cd0090e21ddb45e40bfc188827b63c6b847166?s=96&d=mm&r=g\",\"contentUrl\":\"https:\\\/\\\/secure.gravatar.com\\\/avatar\\\/a1df498cee01fc20b309dd5034cd0090e21ddb45e40bfc188827b63c6b847166?s=96&d=mm&r=g\",\"caption\":\"Hugues\"},\"url\":\"https:\\\/\\\/www.langlais.com\\\/en\\\/author\\\/hugues\\\/\"}]}<\/script>\n<!-- \/ Yoast SEO plugin. -->","yoast_head_json":{"title":"Les limites du permis de travail ferm\u00e9 - Cabinet Immigration Langlais","description":"Qu\u2019advient-il lorsque l\u2019employeur met fin \u00e0 l\u2019emploi? Quelles sont les limites du permis? \u00c9coutez les explications d Me Langlais sur ICI Premi\u00e8re.","robots":{"index":"index","follow":"follow","max-snippet":"max-snippet:-1","max-image-preview":"max-image-preview:large","max-video-preview":"max-video-preview:-1"},"canonical":"https:\/\/www.langlais.com\/en\/les-limites-du-permis-de-travail-ferme\/","og_locale":"en_US","og_type":"article","og_title":"Les limites du permis de travail ferm\u00e9 - Cabinet Immigration Langlais","og_description":"Qu\u2019advient-il lorsque l\u2019employeur met fin \u00e0 l\u2019emploi? Quelles sont les limites du permis? \u00c9coutez les explications d Me Langlais sur ICI Premi\u00e8re.","og_url":"https:\/\/www.langlais.com\/en\/les-limites-du-permis-de-travail-ferme\/","og_site_name":"Cabinet d&#039;avocats M\u1d49 Hugues Langlais","article_publisher":"https:\/\/www.facebook.com\/langlaisimmigration\/","article_published_time":"2019-12-16T13:59:00+00:00","og_image":[{"width":300,"height":300,"url":"https:\/\/www.langlais.com\/wp-content\/uploads\/2019\/12\/Ici-premiere-sq-300.png","type":"image\/png"}],"author":"Hugues","twitter_card":"summary_large_image","twitter_creator":"@LanglaisLawFirm","twitter_site":"@LanglaisLawFirm","twitter_misc":{"Written by":"Hugues","Est. reading time":"1 minute"},"schema":{"@context":"https:\/\/schema.org","@graph":[{"@type":"Article","@id":"https:\/\/www.langlais.com\/en\/les-limites-du-permis-de-travail-ferme\/#article","isPartOf":{"@id":"https:\/\/www.langlais.com\/en\/les-limites-du-permis-de-travail-ferme\/"},"author":{"name":"Hugues","@id":"https:\/\/www.langlais.com\/en\/#\/schema\/person\/ebf1a44547429f0afb1602448d45c958"},"headline":"Les limites du permis de travail ferm\u00e9","datePublished":"2019-12-16T13:59:00+00:00","mainEntityOfPage":{"@id":"https:\/\/www.langlais.com\/en\/les-limites-du-permis-de-travail-ferme\/"},"wordCount":171,"commentCount":1,"publisher":{"@id":"https:\/\/www.langlais.com\/en\/#organization"},"image":{"@id":"https:\/\/www.langlais.com\/en\/les-limites-du-permis-de-travail-ferme\/#primaryimage"},"thumbnailUrl":"https:\/\/www.langlais.com\/wp-content\/uploads\/2019\/12\/Ici-premiere-sq-300.png","articleSection":["Dans les m\u00e9dias"],"inLanguage":"en-US","potentialAction":[{"@type":"CommentAction","name":"Comment","target":["https:\/\/www.langlais.com\/en\/les-limites-du-permis-de-travail-ferme\/#respond"]}]},{"@type":"WebPage","@id":"https:\/\/www.langlais.com\/en\/les-limites-du-permis-de-travail-ferme\/","url":"https:\/\/www.langlais.com\/en\/les-limites-du-permis-de-travail-ferme\/","name":"Les limites du permis de travail ferm\u00e9 - Cabinet Immigration Langlais","isPartOf":{"@id":"https:\/\/www.langlais.com\/en\/#website"},"primaryImageOfPage":{"@id":"https:\/\/www.langlais.com\/en\/les-limites-du-permis-de-travail-ferme\/#primaryimage"},"image":{"@id":"https:\/\/www.langlais.com\/en\/les-limites-du-permis-de-travail-ferme\/#primaryimage"},"thumbnailUrl":"https:\/\/www.langlais.com\/wp-content\/uploads\/2019\/12\/Ici-premiere-sq-300.png","datePublished":"2019-12-16T13:59:00+00:00","description":"Qu\u2019advient-il lorsque l\u2019employeur met fin \u00e0 l\u2019emploi? Quelles sont les limites du permis? \u00c9coutez les explications d Me Langlais sur ICI Premi\u00e8re.","breadcrumb":{"@id":"https:\/\/www.langlais.com\/en\/les-limites-du-permis-de-travail-ferme\/#breadcrumb"},"inLanguage":"en-US","potentialAction":[{"@type":"ReadAction","target":["https:\/\/www.langlais.com\/en\/les-limites-du-permis-de-travail-ferme\/"]}]},{"@type":"ImageObject","inLanguage":"en-US","@id":"https:\/\/www.langlais.com\/en\/les-limites-du-permis-de-travail-ferme\/#primaryimage","url":"https:\/\/www.langlais.com\/wp-content\/uploads\/2019\/12\/Ici-premiere-sq-300.png","contentUrl":"https:\/\/www.langlais.com\/wp-content\/uploads\/2019\/12\/Ici-premiere-sq-300.png","width":300,"height":300,"caption":"ICI Radio-Canada Premi\u00e8re permit de travail"},{"@type":"BreadcrumbList","@id":"https:\/\/www.langlais.com\/en\/les-limites-du-permis-de-travail-ferme\/#breadcrumb","itemListElement":[{"@type":"ListItem","position":1,"name":"Accueil","item":"https:\/\/www.langlais.com\/en\/"},{"@type":"ListItem","position":2,"name":"Les limites du permis de travail ferm\u00e9"}]},{"@type":"WebSite","@id":"https:\/\/www.langlais.com\/en\/#website","url":"https:\/\/www.langlais.com\/en\/","name":"Cabinet M\u1d49 Hugues Langlais Avocats en Immigration","description":"","publisher":{"@id":"https:\/\/www.langlais.com\/en\/#organization"},"potentialAction":[{"@type":"SearchAction","target":{"@type":"EntryPoint","urlTemplate":"https:\/\/www.langlais.com\/en\/?s={search_term_string}"},"query-input":{"@type":"PropertyValueSpecification","valueRequired":true,"valueName":"search_term_string"}}],"inLanguage":"en-US"},{"@type":"Organization","@id":"https:\/\/www.langlais.com\/en\/#organization","name":"Cabinet M\u1d49 Hugues Langlais Avocats en Immigration","url":"https:\/\/www.langlais.com\/en\/","logo":{"@type":"ImageObject","inLanguage":"en-US","@id":"https:\/\/www.langlais.com\/en\/#\/schema\/logo\/image\/","url":"https:\/\/www.langlais.com\/wp-content\/uploads\/2019\/05\/Cabinet-Me-Hugues-Langlais-logo-sq.jpg","contentUrl":"https:\/\/www.langlais.com\/wp-content\/uploads\/2019\/05\/Cabinet-Me-Hugues-Langlais-logo-sq.jpg","width":578,"height":578,"caption":"Cabinet M\u1d49 Hugues Langlais Avocats en Immigration"},"image":{"@id":"https:\/\/www.langlais.com\/en\/#\/schema\/logo\/image\/"},"sameAs":["https:\/\/www.facebook.com\/langlaisimmigration\/","https:\/\/x.com\/LanglaisLawFirm","https:\/\/www.linkedin.com\/in\/hugueslanglais4immigrationlaw\/","https:\/\/www.youtube.com\/channel\/UCBKNZKz80QxrR4P253Hmykw"]},{"@type":"Person","@id":"https:\/\/www.langlais.com\/en\/#\/schema\/person\/ebf1a44547429f0afb1602448d45c958","name":"Hugues","image":{"@type":"ImageObject","inLanguage":"en-US","@id":"https:\/\/secure.gravatar.com\/avatar\/a1df498cee01fc20b309dd5034cd0090e21ddb45e40bfc188827b63c6b847166?s=96&d=mm&r=g","url":"https:\/\/secure.gravatar.com\/avatar\/a1df498cee01fc20b309dd5034cd0090e21ddb45e40bfc188827b63c6b847166?s=96&d=mm&r=g","contentUrl":"https:\/\/secure.gravatar.com\/avatar\/a1df498cee01fc20b309dd5034cd0090e21ddb45e40bfc188827b63c6b847166?s=96&d=mm&r=g","caption":"Hugues"},"url":"https:\/\/www.langlais.com\/en\/author\/hugues\/"}]}},"_links":{"self":[{"href":"https:\/\/www.langlais.com\/en\/wp-json\/wp\/v2\/posts\/3919","targetHints":{"allow":["GET"]}}],"collection":[{"href":"https:\/\/www.langlais.com\/en\/wp-json\/wp\/v2\/posts"}],"about":[{"href":"https:\/\/www.langlais.com\/en\/wp-json\/wp\/v2\/types\/post"}],"author":[{"embeddable":true,"href":"https:\/\/www.langlais.com\/en\/wp-json\/wp\/v2\/users\/5"}],"replies":[{"embeddable":true,"href":"https:\/\/www.langlais.com\/en\/wp-json\/wp\/v2\/comments?post=3919"}],"version-history":[{"count":2,"href":"https:\/\/www.langlais.com\/en\/wp-json\/wp\/v2\/posts\/3919\/revisions"}],"predecessor-version":[{"id":3927,"href":"https:\/\/www.langlais.com\/en\/wp-json\/wp\/v2\/posts\/3919\/revisions\/3927"}],"wp:featuredmedia":[{"embeddable":true,"href":"https:\/\/www.langlais.com\/en\/wp-json\/wp\/v2\/media\/3922"}],"wp:attachment":[{"href":"https:\/\/www.langlais.com\/en\/wp-json\/wp\/v2\/media?parent=3919"}],"wp:term":[{"taxonomy":"category","embeddable":true,"href":"https:\/\/www.langlais.com\/en\/wp-json\/wp\/v2\/categories?post=3919"},{"taxonomy":"post_tag","embeddable":true,"href":"https:\/\/www.langlais.com\/en\/wp-json\/wp\/v2\/tags?post=3919"}],"curies":[{"name":"wp","href":"https:\/\/api.w.org\/{rel}","templated":true}]}}