{"id":4244,"date":"2020-05-22T09:14:36","date_gmt":"2020-05-22T13:14:36","guid":{"rendered":"https:\/\/www.langlais.com\/?p=4244"},"modified":"2021-06-02T09:18:00","modified_gmt":"2021-06-02T13:18:00","slug":"regularisons-le-statut-de-nos-travailleurs-essentiels","status":"publish","type":"post","link":"https:\/\/www.langlais.com\/en\/regularisons-le-statut-de-nos-travailleurs-essentiels\/","title":{"rendered":"R\u00e9gularisons le statut de nos travailleurs essentiels"},"content":{"rendered":"<p class=\"lead textModule textModule--type-lead \">La crise sanitaire \u00e0 laquelle nous sommes pr\u00e9sentement confront\u00e9s permet de mettre en lumi\u00e8re le travail essentiel et l\u2019apport inestimable de centaines de personnes en attente de r\u00e9gularisation de leur statut d\u2019immigration au Canada.<\/p>\n<div class=\"datewrapper \">\n<div class=\"dates\"><em><span class=\"created\"><time datetime=\"2020-05-21T11:00:00-04:00\"><span class=\"publicationsDate--type-publication\">Publi\u00e9 le 21 mai 2020 sur <a href=\"https:\/\/www.lapresse.ca\/debats\/opinions\/2020-05-21\/regularisons-le-statut-de-nos-travailleurs-essentiels\">LaPresse.ca<\/a> \u00e0 11h00, par <\/span><\/time><\/span>GUILLAUME CLICHE-RIVARD, PR\u00c9SIDENT DE L\u2019ASSOCIATION QU\u00c9B\u00c9COISE DES AVOCATS ET AVOCATES EN DROIT DE L\u2019IMMIGRATION<\/em><\/div>\n<\/div>\n<p class=\"paragraph textModule textModule--type-paragraph \">Au front aupr\u00e8s de nos a\u00een\u00e9s dans les CHSLD ou encore \u00e0 l\u2019arri\u00e8re-sc\u00e8ne dans nos \u00e9piceries et usines de transformation alimentaire, ces travailleurs essentiels jouaient, jouent et continueront de jouer un r\u00f4le n\u00e9vralgique dans le bon fonctionnement de notre vie en soci\u00e9t\u00e9. Nous estimons qu\u2019il est temps de reconna\u00eetre leur contribution, et nous appelons le gouvernement f\u00e9d\u00e9ral \u00e0 r\u00e9gulariser rapidement leur statut d\u2019immigration.<\/p>\n<h4>* Signataires\u00a0:<\/h4>\n<p>M<sup>e<\/sup>\u00a0Rosalie Caill\u00e9-L\u00e9vesque, M<sup>e<\/sup>\u00a0Fatoumata Tirera, M<sup>e<\/sup>\u00a0St\u00e9phanie Valois, M<sup>e<\/sup>\u00a0Guy Nephtali, M<sup>e<\/sup>\u00a0Sa\u00efd Le Ber-Assiani, M<sup>e<\/sup>\u00a0Odette Desjardins, M<sup>e<\/sup>\u00a0Nadia Barrou, M<sup>e<\/sup>\u00a0Yasmina Benihoud, M<sup>e<\/sup>\u00a0Ibii Otto, M<sup>e<\/sup>\u00a0David Chalk, M<sup>e<\/sup>\u00a0Serban Tismanariu, M<sup>e<\/sup>\u00a0Mabel Fraser, M<sup>e<\/sup>\u00a0Luciano G. Del Negro, M<sup>e<\/sup>\u00a0Marie-Helene Giroux, M<sup>e<\/sup>\u00a0Walid Ayadi, M<sup>e<\/sup>\u00a0Nicholas Alexandris, M<sup>e<\/sup>\u00a0Jonathan Veilleux, M<sup>e<\/sup>\u00a0Yamilet Almeida, M<sup>e<\/sup>\u00a0Alejandro Saenz, M<sup>e<\/sup>\u00a0Ibrahima Dabo, M<sup>e<\/sup>\u00a0Mohamed Diare, M<sup>e<\/sup>\u00a0HoSung Kim, M<sup>e<\/sup>\u00a0Suzanne Taffot, M<sup>e<\/sup>\u00a0Mai Nguyen, M<sup>e<\/sup>\u00a0Bin Xia Zhang, M<sup>e<\/sup>\u00a0Marius Maxim, M<sup>e<\/sup>\u00a0David Berger, M<sup>e<\/sup>\u00a0Rose Bossou, M<sup>e<\/sup>\u00a0Claudia Aceituno, M<sup>e<\/sup>\u00a0Olivier Badolo, M<sup>e<\/sup>\u00a0Denis Girard, M<sup>e<\/sup>\u00a0Chantal Ianniciello, M<sup>e<\/sup>\u00a0Annie B\u00e9langer, M<sup>e<\/sup>\u00a0Myriam Harbec, M<sup>e<\/sup>\u00a0Dan Bohbot, M<sup>e<\/sup>\u00a0Christine Renaud, M<sup>e<\/sup>\u00a0Alice Mardelet Santamaria, <a href=\"https:\/\/www.langlais.com\/equipe-2\/me-hugues-langlais\/\">M<sup>e<\/sup>\u00a0Hugues Langlais (Ad. E.)<\/a>, M<sup>e<\/sup>\u00a0Cynthia Bergevin, M<sup>e<\/sup>\u00a0Stewart Istvanffy, M<sup>e<\/sup>\u00a0Patil Tutunjian, M<sup>e<\/sup>\u00a0Caroline Mouralian, M<sup>e<\/sup>\u00a0Jacques Beauchemin, M<sup>e<\/sup>\u00a0Jennifer Ganeshanathan, M<sup>e<\/sup>\u00a0Aboubacar Sidiki Coulibaly, M<sup>e<\/sup>\u00a0Alima Racine, M<sup>e<\/sup>\u00a0Yasmine Guillaume, M<sup>e<\/sup>\u00a0Jean-S\u00e9bastien Boudreault, M<sup>e<\/sup>\u00a0Benoit Bessette, M<sup>e<\/sup>\u00a0S\u00e9na Lahaye, M<sup>e<\/sup>\u00a0Blandine Sala, M<sup>e<\/sup>\u00a0Francine D\u00e9carie, M<sup>e<\/sup>\u00a0Jihane Chikhi, M<sup>e<\/sup>\u00a0Sira Coulibaly, M<sup>e<\/sup>\u00a0Perla Abou-Jaoud\u00e9, M<sup>e<\/sup>\u00a0Bouchra Aaboudate, M<sup>e<\/sup>\u00a0Barbara Brizuela, M<sup>e<\/sup>\u00a0Julien Labrie-Masse, M<sup>e<\/sup>\u00a0Rym Jawah, M<sup>e<\/sup>\u00a0Vivian Albuquerque, M<sup>e<\/sup>\u00a0Cliford Dominique, M<sup>e<\/sup>\u00a0Jouman El-Asmar, M<sup>e<\/sup>\u00a0Paula Barcelos, M<sup>e<\/sup>\u00a0Coline Bellefleur, M<sup>e<\/sup>\u00a0Herbert Brownstein, M<sup>e<\/sup>\u00a0Nuno Jerionimo, M<sup>e<\/sup>\u00a0Avi Gomberg, M<sup>e<\/sup>\u00a0Vincent Desbiens, M<sup>e<\/sup>\u00a0Nathalie Ferreras, M<sup>e<\/sup>\u00a0Kathleen Gaudreau, M<sup>e<\/sup>\u00a0Sabine Laval, M<sup>e<\/sup>\u00a0Danielle Arpin, M<sup>e<\/sup>\u00a0Melissa Singer, M<sup>e<\/sup>\u00a0Latifa Benabdelouahid, M<sup>e<\/sup>\u00a0Carole Fiore, M<sup>e<\/sup>\u00a0Nadia El-Ghandouri, M<sup>e<\/sup>\u00a0Sabine Venturelli, M<sup>e<\/sup>\u00a0Isabelle Dongier, M<sup>e<\/sup>\u00a0Angela Potvin, Me Alain Joffe, M<sup>e<\/sup>\u00a0Murhula Jugauce Mweze, M<sup>e<\/sup>\u00a0Jean-Mathieu Potvin, M<sup>e<\/sup>\u00a0Mary Keyork, M<sup>e<\/sup>\u00a0Johanna Elhadad, M<sup>e<\/sup>\u00a0Yasmina Boukossa, M<sup>e<\/sup>\u00a0Martin Lotard Bayigwalag, M<sup>e<\/sup>\u00a0Nabih Ouled-Zaoui, M<sup>e<\/sup>\u00a0Sue M. Kang, M<sup>e<\/sup>\u00a0Fanny Cumplido, M<sup>e<\/sup>\u00a0Julien Primeau-Lafaille, M<sup>e<\/sup>\u00a0Georgia Pappis, M<sup>e<\/sup>\u00a0Fevziye Oguzer, M<sup>e<\/sup>\u00a0Lydie-Magalie Stiverne, M<sup>e<\/sup>\u00a0Annick Legault, M<sup>e<\/sup>\u00a0Anabela Cosme, M<sup>e<\/sup>\u00a0Andrey Leshyner, M<sup>e<\/sup>\u00a0Jennfier Chriqui, M<sup>e<\/sup>\u00a0Sandra Alvarez, M<sup>e<\/sup>\u00a0Vincent Dubuc-Cusick, M<sup>e<\/sup>\u00a0Laurianne Ladouceur, M<sup>e<\/sup>\u00a0Laurence C. Trempe, M<sup>e<\/sup>\u00a0Mabel Fraser, M<sup>e<\/sup>\u00a0Kathleen Hadekel, M<sup>e<\/sup>\u00a0Joyce Yedid, M<sup>e<\/sup>\u00a0Kayle Sykes, M<sup>e<\/sup>\u00a0Alfredo Garcia, M<sup>e<\/sup>\u00a0Nilufar Sadeghi, M<sup>e<\/sup>\u00a0Michael Dorey, M<sup>e<\/sup>\u00a0Jeelan Syed, M<sup>e<\/sup>\u00a0Samira Salem, M<sup>e<\/sup>\u00a0Simon Labelle, M<sup>e<\/sup>\u00a0Nicole Goulet, M<sup>e<\/sup>\u00a0Krishna Gagn\u00e9, M<sup>e<\/sup>\u00a0Camille Clamens, D\u00e9borah Andrades-Gingras, Isma\u00ebl Boudissa et Cl\u00e9mence Bergeron.<\/p>\n<p><a href=\"https:\/\/www.lapresse.ca\/debats\/opinions\/2020-05-21\/regularisons-le-statut-de-nos-travailleurs-essentiels\">Lire la suite sur LaPresse.ca<\/a><\/p>\n","protected":false},"excerpt":{"rendered":"<p>La crise sanitaire \u00e0 laquelle nous sommes pr\u00e9sentement confront\u00e9s permet de mettre en lumi\u00e8re le travail essentiel et l\u2019apport inestimable de centaines de personnes en attente de r\u00e9gularisation de leur statut d\u2019immigration au Canada. Publi\u00e9 le 21 mai 2020 sur LaPresse.ca \u00e0 11h00, par GUILLAUME CLICHE-RIVARD, PR\u00c9SIDENT DE L\u2019ASSOCIATION QU\u00c9B\u00c9COISE DES AVOCATS ET AVOCATES EN DROIT DE L\u2019IMMIGRATION Au front aupr\u00e8s de nos a\u00een\u00e9s dans les CHSLD ou encore \u00e0 l\u2019arri\u00e8re-sc\u00e8ne dans nos \u00e9piceries et usines de transformation alimentaire, ces travailleurs essentiels jouaient, jouent et continueront de jouer un r\u00f4le n\u00e9vralgique dans le bon fonctionnement de notre vie en soci\u00e9t\u00e9&#8230;.<\/p>\n","protected":false},"author":10,"featured_media":3410,"comment_status":"open","ping_status":"open","sticky":false,"template":"","format":"standard","meta":{"footnotes":""},"categories":[23],"tags":[],"class_list":["post-4244","post","type-post","status-publish","format-standard","has-post-thumbnail","hentry","category-dans-les-medias"],"yoast_head":"<!-- This site is optimized with the Yoast SEO plugin v27.4 - https:\/\/yoast.com\/product\/yoast-seo-wordpress\/ -->\n<title>R\u00e9gularisons le statut de nos travailleurs essentiels - Cabinet Langlais<\/title>\n<meta name=\"description\" content=\"La crise sanitaire met en lumi\u00e8re les travailleurs essentiels et leur apport inestimable, en attente de r\u00e9gularisation d\u2019immigration.\" \/>\n<meta name=\"robots\" content=\"index, follow, max-snippet:-1, max-image-preview:large, max-video-preview:-1\" \/>\n<link rel=\"canonical\" href=\"https:\/\/www.langlais.com\/en\/regularisons-le-statut-de-nos-travailleurs-essentiels\/\" \/>\n<meta property=\"og:locale\" content=\"en_US\" \/>\n<meta property=\"og:type\" content=\"article\" \/>\n<meta property=\"og:title\" content=\"R\u00e9gularisons le statut de nos travailleurs essentiels - Cabinet Langlais\" \/>\n<meta property=\"og:description\" content=\"La crise sanitaire met en lumi\u00e8re les travailleurs essentiels et leur apport inestimable, en attente de r\u00e9gularisation d\u2019immigration.\" \/>\n<meta property=\"og:url\" content=\"https:\/\/www.langlais.com\/en\/regularisons-le-statut-de-nos-travailleurs-essentiels\/\" \/>\n<meta property=\"og:site_name\" content=\"Cabinet d&#039;avocats M\u1d49 Hugues Langlais\" \/>\n<meta property=\"article:publisher\" content=\"https:\/\/www.facebook.com\/langlaisimmigration\/\" \/>\n<meta property=\"article:published_time\" content=\"2020-05-22T13:14:36+00:00\" \/>\n<meta property=\"article:modified_time\" content=\"2021-06-02T13:18:00+00:00\" \/>\n<meta property=\"og:image\" content=\"https:\/\/www.langlais.com\/wp-content\/uploads\/2019\/06\/La_Presse-300.png\" \/>\n\t<meta property=\"og:image:width\" content=\"300\" \/>\n\t<meta property=\"og:image:height\" content=\"300\" \/>\n\t<meta property=\"og:image:type\" content=\"image\/png\" \/>\n<meta name=\"author\" content=\"Samuel Parent\" \/>\n<meta name=\"twitter:card\" content=\"summary_large_image\" \/>\n<meta name=\"twitter:creator\" content=\"@LanglaisLawFirm\" \/>\n<meta name=\"twitter:site\" content=\"@LanglaisLawFirm\" \/>\n<meta name=\"twitter:label1\" content=\"Written by\" \/>\n\t<meta name=\"twitter:data1\" content=\"Samuel Parent\" \/>\n\t<meta name=\"twitter:label2\" content=\"Est. reading time\" \/>\n\t<meta name=\"twitter:data2\" content=\"3 minutes\" \/>\n<script type=\"application\/ld+json\" class=\"yoast-schema-graph\">{\"@context\":\"https:\\\/\\\/schema.org\",\"@graph\":[{\"@type\":\"Article\",\"@id\":\"https:\\\/\\\/www.langlais.com\\\/en\\\/regularisons-le-statut-de-nos-travailleurs-essentiels\\\/#article\",\"isPartOf\":{\"@id\":\"https:\\\/\\\/www.langlais.com\\\/en\\\/regularisons-le-statut-de-nos-travailleurs-essentiels\\\/\"},\"author\":{\"name\":\"Samuel Parent\",\"@id\":\"https:\\\/\\\/www.langlais.com\\\/en\\\/#\\\/schema\\\/person\\\/7b104f23fea41eb0a988a47368310383\"},\"headline\":\"R\u00e9gularisons le statut de nos travailleurs essentiels\",\"datePublished\":\"2020-05-22T13:14:36+00:00\",\"dateModified\":\"2021-06-02T13:18:00+00:00\",\"mainEntityOfPage\":{\"@id\":\"https:\\\/\\\/www.langlais.com\\\/en\\\/regularisons-le-statut-de-nos-travailleurs-essentiels\\\/\"},\"wordCount\":529,\"commentCount\":0,\"publisher\":{\"@id\":\"https:\\\/\\\/www.langlais.com\\\/en\\\/#organization\"},\"image\":{\"@id\":\"https:\\\/\\\/www.langlais.com\\\/en\\\/regularisons-le-statut-de-nos-travailleurs-essentiels\\\/#primaryimage\"},\"thumbnailUrl\":\"https:\\\/\\\/www.langlais.com\\\/wp-content\\\/uploads\\\/2019\\\/06\\\/La_Presse-300.png\",\"articleSection\":[\"Dans les m\u00e9dias\"],\"inLanguage\":\"en-US\",\"potentialAction\":[{\"@type\":\"CommentAction\",\"name\":\"Comment\",\"target\":[\"https:\\\/\\\/www.langlais.com\\\/en\\\/regularisons-le-statut-de-nos-travailleurs-essentiels\\\/#respond\"]}]},{\"@type\":\"WebPage\",\"@id\":\"https:\\\/\\\/www.langlais.com\\\/en\\\/regularisons-le-statut-de-nos-travailleurs-essentiels\\\/\",\"url\":\"https:\\\/\\\/www.langlais.com\\\/en\\\/regularisons-le-statut-de-nos-travailleurs-essentiels\\\/\",\"name\":\"R\u00e9gularisons le statut de nos travailleurs essentiels - Cabinet Langlais\",\"isPartOf\":{\"@id\":\"https:\\\/\\\/www.langlais.com\\\/en\\\/#website\"},\"primaryImageOfPage\":{\"@id\":\"https:\\\/\\\/www.langlais.com\\\/en\\\/regularisons-le-statut-de-nos-travailleurs-essentiels\\\/#primaryimage\"},\"image\":{\"@id\":\"https:\\\/\\\/www.langlais.com\\\/en\\\/regularisons-le-statut-de-nos-travailleurs-essentiels\\\/#primaryimage\"},\"thumbnailUrl\":\"https:\\\/\\\/www.langlais.com\\\/wp-content\\\/uploads\\\/2019\\\/06\\\/La_Presse-300.png\",\"datePublished\":\"2020-05-22T13:14:36+00:00\",\"dateModified\":\"2021-06-02T13:18:00+00:00\",\"description\":\"La crise sanitaire met en lumi\u00e8re les travailleurs essentiels et leur apport inestimable, en attente de r\u00e9gularisation d\u2019immigration.\",\"breadcrumb\":{\"@id\":\"https:\\\/\\\/www.langlais.com\\\/en\\\/regularisons-le-statut-de-nos-travailleurs-essentiels\\\/#breadcrumb\"},\"inLanguage\":\"en-US\",\"potentialAction\":[{\"@type\":\"ReadAction\",\"target\":[\"https:\\\/\\\/www.langlais.com\\\/en\\\/regularisons-le-statut-de-nos-travailleurs-essentiels\\\/\"]}]},{\"@type\":\"ImageObject\",\"inLanguage\":\"en-US\",\"@id\":\"https:\\\/\\\/www.langlais.com\\\/en\\\/regularisons-le-statut-de-nos-travailleurs-essentiels\\\/#primaryimage\",\"url\":\"https:\\\/\\\/www.langlais.com\\\/wp-content\\\/uploads\\\/2019\\\/06\\\/La_Presse-300.png\",\"contentUrl\":\"https:\\\/\\\/www.langlais.com\\\/wp-content\\\/uploads\\\/2019\\\/06\\\/La_Presse-300.png\",\"width\":300,\"height\":300,\"caption\":\"La Presse\"},{\"@type\":\"BreadcrumbList\",\"@id\":\"https:\\\/\\\/www.langlais.com\\\/en\\\/regularisons-le-statut-de-nos-travailleurs-essentiels\\\/#breadcrumb\",\"itemListElement\":[{\"@type\":\"ListItem\",\"position\":1,\"name\":\"Accueil\",\"item\":\"https:\\\/\\\/www.langlais.com\\\/en\\\/\"},{\"@type\":\"ListItem\",\"position\":2,\"name\":\"R\u00e9gularisons le statut de nos travailleurs essentiels\"}]},{\"@type\":\"WebSite\",\"@id\":\"https:\\\/\\\/www.langlais.com\\\/en\\\/#website\",\"url\":\"https:\\\/\\\/www.langlais.com\\\/en\\\/\",\"name\":\"Cabinet M\u1d49 Hugues Langlais Avocats en Immigration\",\"description\":\"\",\"publisher\":{\"@id\":\"https:\\\/\\\/www.langlais.com\\\/en\\\/#organization\"},\"potentialAction\":[{\"@type\":\"SearchAction\",\"target\":{\"@type\":\"EntryPoint\",\"urlTemplate\":\"https:\\\/\\\/www.langlais.com\\\/en\\\/?s={search_term_string}\"},\"query-input\":{\"@type\":\"PropertyValueSpecification\",\"valueRequired\":true,\"valueName\":\"search_term_string\"}}],\"inLanguage\":\"en-US\"},{\"@type\":\"Organization\",\"@id\":\"https:\\\/\\\/www.langlais.com\\\/en\\\/#organization\",\"name\":\"Cabinet M\u1d49 Hugues Langlais Avocats en Immigration\",\"url\":\"https:\\\/\\\/www.langlais.com\\\/en\\\/\",\"logo\":{\"@type\":\"ImageObject\",\"inLanguage\":\"en-US\",\"@id\":\"https:\\\/\\\/www.langlais.com\\\/en\\\/#\\\/schema\\\/logo\\\/image\\\/\",\"url\":\"https:\\\/\\\/www.langlais.com\\\/wp-content\\\/uploads\\\/2019\\\/05\\\/Cabinet-Me-Hugues-Langlais-logo-sq.jpg\",\"contentUrl\":\"https:\\\/\\\/www.langlais.com\\\/wp-content\\\/uploads\\\/2019\\\/05\\\/Cabinet-Me-Hugues-Langlais-logo-sq.jpg\",\"width\":578,\"height\":578,\"caption\":\"Cabinet M\u1d49 Hugues Langlais Avocats en Immigration\"},\"image\":{\"@id\":\"https:\\\/\\\/www.langlais.com\\\/en\\\/#\\\/schema\\\/logo\\\/image\\\/\"},\"sameAs\":[\"https:\\\/\\\/www.facebook.com\\\/langlaisimmigration\\\/\",\"https:\\\/\\\/x.com\\\/LanglaisLawFirm\",\"https:\\\/\\\/www.linkedin.com\\\/in\\\/hugueslanglais4immigrationlaw\\\/\",\"https:\\\/\\\/www.youtube.com\\\/channel\\\/UCBKNZKz80QxrR4P253Hmykw\"]},{\"@type\":\"Person\",\"@id\":\"https:\\\/\\\/www.langlais.com\\\/en\\\/#\\\/schema\\\/person\\\/7b104f23fea41eb0a988a47368310383\",\"name\":\"Samuel Parent\",\"image\":{\"@type\":\"ImageObject\",\"inLanguage\":\"en-US\",\"@id\":\"https:\\\/\\\/secure.gravatar.com\\\/avatar\\\/3c0a26efadacc1c6a046e08e2e36d134acae26fea37b1e9426bb6cb665fe178c?s=96&d=mm&r=g\",\"url\":\"https:\\\/\\\/secure.gravatar.com\\\/avatar\\\/3c0a26efadacc1c6a046e08e2e36d134acae26fea37b1e9426bb6cb665fe178c?s=96&d=mm&r=g\",\"contentUrl\":\"https:\\\/\\\/secure.gravatar.com\\\/avatar\\\/3c0a26efadacc1c6a046e08e2e36d134acae26fea37b1e9426bb6cb665fe178c?s=96&d=mm&r=g\",\"caption\":\"Samuel Parent\"},\"sameAs\":[\"https:\\\/\\\/www.langlais.com\\\/\"],\"url\":\"https:\\\/\\\/www.langlais.com\\\/en\\\/author\\\/samuelparent\\\/\"}]}<\/script>\n<!-- \/ Yoast SEO plugin. -->","yoast_head_json":{"title":"R\u00e9gularisons le statut de nos travailleurs essentiels - Cabinet Langlais","description":"La crise sanitaire met en lumi\u00e8re les travailleurs essentiels et leur apport inestimable, en attente de r\u00e9gularisation d\u2019immigration.","robots":{"index":"index","follow":"follow","max-snippet":"max-snippet:-1","max-image-preview":"max-image-preview:large","max-video-preview":"max-video-preview:-1"},"canonical":"https:\/\/www.langlais.com\/en\/regularisons-le-statut-de-nos-travailleurs-essentiels\/","og_locale":"en_US","og_type":"article","og_title":"R\u00e9gularisons le statut de nos travailleurs essentiels - Cabinet Langlais","og_description":"La crise sanitaire met en lumi\u00e8re les travailleurs essentiels et leur apport inestimable, en attente de r\u00e9gularisation d\u2019immigration.","og_url":"https:\/\/www.langlais.com\/en\/regularisons-le-statut-de-nos-travailleurs-essentiels\/","og_site_name":"Cabinet d&#039;avocats M\u1d49 Hugues Langlais","article_publisher":"https:\/\/www.facebook.com\/langlaisimmigration\/","article_published_time":"2020-05-22T13:14:36+00:00","article_modified_time":"2021-06-02T13:18:00+00:00","og_image":[{"width":300,"height":300,"url":"https:\/\/www.langlais.com\/wp-content\/uploads\/2019\/06\/La_Presse-300.png","type":"image\/png"}],"author":"Samuel Parent","twitter_card":"summary_large_image","twitter_creator":"@LanglaisLawFirm","twitter_site":"@LanglaisLawFirm","twitter_misc":{"Written by":"Samuel Parent","Est. reading time":"3 minutes"},"schema":{"@context":"https:\/\/schema.org","@graph":[{"@type":"Article","@id":"https:\/\/www.langlais.com\/en\/regularisons-le-statut-de-nos-travailleurs-essentiels\/#article","isPartOf":{"@id":"https:\/\/www.langlais.com\/en\/regularisons-le-statut-de-nos-travailleurs-essentiels\/"},"author":{"name":"Samuel Parent","@id":"https:\/\/www.langlais.com\/en\/#\/schema\/person\/7b104f23fea41eb0a988a47368310383"},"headline":"R\u00e9gularisons le statut de nos travailleurs essentiels","datePublished":"2020-05-22T13:14:36+00:00","dateModified":"2021-06-02T13:18:00+00:00","mainEntityOfPage":{"@id":"https:\/\/www.langlais.com\/en\/regularisons-le-statut-de-nos-travailleurs-essentiels\/"},"wordCount":529,"commentCount":0,"publisher":{"@id":"https:\/\/www.langlais.com\/en\/#organization"},"image":{"@id":"https:\/\/www.langlais.com\/en\/regularisons-le-statut-de-nos-travailleurs-essentiels\/#primaryimage"},"thumbnailUrl":"https:\/\/www.langlais.com\/wp-content\/uploads\/2019\/06\/La_Presse-300.png","articleSection":["Dans les m\u00e9dias"],"inLanguage":"en-US","potentialAction":[{"@type":"CommentAction","name":"Comment","target":["https:\/\/www.langlais.com\/en\/regularisons-le-statut-de-nos-travailleurs-essentiels\/#respond"]}]},{"@type":"WebPage","@id":"https:\/\/www.langlais.com\/en\/regularisons-le-statut-de-nos-travailleurs-essentiels\/","url":"https:\/\/www.langlais.com\/en\/regularisons-le-statut-de-nos-travailleurs-essentiels\/","name":"R\u00e9gularisons le statut de nos travailleurs essentiels - Cabinet Langlais","isPartOf":{"@id":"https:\/\/www.langlais.com\/en\/#website"},"primaryImageOfPage":{"@id":"https:\/\/www.langlais.com\/en\/regularisons-le-statut-de-nos-travailleurs-essentiels\/#primaryimage"},"image":{"@id":"https:\/\/www.langlais.com\/en\/regularisons-le-statut-de-nos-travailleurs-essentiels\/#primaryimage"},"thumbnailUrl":"https:\/\/www.langlais.com\/wp-content\/uploads\/2019\/06\/La_Presse-300.png","datePublished":"2020-05-22T13:14:36+00:00","dateModified":"2021-06-02T13:18:00+00:00","description":"La crise sanitaire met en lumi\u00e8re les travailleurs essentiels et leur apport inestimable, en attente de r\u00e9gularisation d\u2019immigration.","breadcrumb":{"@id":"https:\/\/www.langlais.com\/en\/regularisons-le-statut-de-nos-travailleurs-essentiels\/#breadcrumb"},"inLanguage":"en-US","potentialAction":[{"@type":"ReadAction","target":["https:\/\/www.langlais.com\/en\/regularisons-le-statut-de-nos-travailleurs-essentiels\/"]}]},{"@type":"ImageObject","inLanguage":"en-US","@id":"https:\/\/www.langlais.com\/en\/regularisons-le-statut-de-nos-travailleurs-essentiels\/#primaryimage","url":"https:\/\/www.langlais.com\/wp-content\/uploads\/2019\/06\/La_Presse-300.png","contentUrl":"https:\/\/www.langlais.com\/wp-content\/uploads\/2019\/06\/La_Presse-300.png","width":300,"height":300,"caption":"La Presse"},{"@type":"BreadcrumbList","@id":"https:\/\/www.langlais.com\/en\/regularisons-le-statut-de-nos-travailleurs-essentiels\/#breadcrumb","itemListElement":[{"@type":"ListItem","position":1,"name":"Accueil","item":"https:\/\/www.langlais.com\/en\/"},{"@type":"ListItem","position":2,"name":"R\u00e9gularisons le statut de nos travailleurs essentiels"}]},{"@type":"WebSite","@id":"https:\/\/www.langlais.com\/en\/#website","url":"https:\/\/www.langlais.com\/en\/","name":"Cabinet M\u1d49 Hugues Langlais Avocats en Immigration","description":"","publisher":{"@id":"https:\/\/www.langlais.com\/en\/#organization"},"potentialAction":[{"@type":"SearchAction","target":{"@type":"EntryPoint","urlTemplate":"https:\/\/www.langlais.com\/en\/?s={search_term_string}"},"query-input":{"@type":"PropertyValueSpecification","valueRequired":true,"valueName":"search_term_string"}}],"inLanguage":"en-US"},{"@type":"Organization","@id":"https:\/\/www.langlais.com\/en\/#organization","name":"Cabinet M\u1d49 Hugues Langlais Avocats en Immigration","url":"https:\/\/www.langlais.com\/en\/","logo":{"@type":"ImageObject","inLanguage":"en-US","@id":"https:\/\/www.langlais.com\/en\/#\/schema\/logo\/image\/","url":"https:\/\/www.langlais.com\/wp-content\/uploads\/2019\/05\/Cabinet-Me-Hugues-Langlais-logo-sq.jpg","contentUrl":"https:\/\/www.langlais.com\/wp-content\/uploads\/2019\/05\/Cabinet-Me-Hugues-Langlais-logo-sq.jpg","width":578,"height":578,"caption":"Cabinet M\u1d49 Hugues Langlais Avocats en Immigration"},"image":{"@id":"https:\/\/www.langlais.com\/en\/#\/schema\/logo\/image\/"},"sameAs":["https:\/\/www.facebook.com\/langlaisimmigration\/","https:\/\/x.com\/LanglaisLawFirm","https:\/\/www.linkedin.com\/in\/hugueslanglais4immigrationlaw\/","https:\/\/www.youtube.com\/channel\/UCBKNZKz80QxrR4P253Hmykw"]},{"@type":"Person","@id":"https:\/\/www.langlais.com\/en\/#\/schema\/person\/7b104f23fea41eb0a988a47368310383","name":"Samuel Parent","image":{"@type":"ImageObject","inLanguage":"en-US","@id":"https:\/\/secure.gravatar.com\/avatar\/3c0a26efadacc1c6a046e08e2e36d134acae26fea37b1e9426bb6cb665fe178c?s=96&d=mm&r=g","url":"https:\/\/secure.gravatar.com\/avatar\/3c0a26efadacc1c6a046e08e2e36d134acae26fea37b1e9426bb6cb665fe178c?s=96&d=mm&r=g","contentUrl":"https:\/\/secure.gravatar.com\/avatar\/3c0a26efadacc1c6a046e08e2e36d134acae26fea37b1e9426bb6cb665fe178c?s=96&d=mm&r=g","caption":"Samuel Parent"},"sameAs":["https:\/\/www.langlais.com\/"],"url":"https:\/\/www.langlais.com\/en\/author\/samuelparent\/"}]}},"_links":{"self":[{"href":"https:\/\/www.langlais.com\/en\/wp-json\/wp\/v2\/posts\/4244","targetHints":{"allow":["GET"]}}],"collection":[{"href":"https:\/\/www.langlais.com\/en\/wp-json\/wp\/v2\/posts"}],"about":[{"href":"https:\/\/www.langlais.com\/en\/wp-json\/wp\/v2\/types\/post"}],"author":[{"embeddable":true,"href":"https:\/\/www.langlais.com\/en\/wp-json\/wp\/v2\/users\/10"}],"replies":[{"embeddable":true,"href":"https:\/\/www.langlais.com\/en\/wp-json\/wp\/v2\/comments?post=4244"}],"version-history":[{"count":1,"href":"https:\/\/www.langlais.com\/en\/wp-json\/wp\/v2\/posts\/4244\/revisions"}],"predecessor-version":[{"id":4245,"href":"https:\/\/www.langlais.com\/en\/wp-json\/wp\/v2\/posts\/4244\/revisions\/4245"}],"wp:featuredmedia":[{"embeddable":true,"href":"https:\/\/www.langlais.com\/en\/wp-json\/wp\/v2\/media\/3410"}],"wp:attachment":[{"href":"https:\/\/www.langlais.com\/en\/wp-json\/wp\/v2\/media?parent=4244"}],"wp:term":[{"taxonomy":"category","embeddable":true,"href":"https:\/\/www.langlais.com\/en\/wp-json\/wp\/v2\/categories?post=4244"},{"taxonomy":"post_tag","embeddable":true,"href":"https:\/\/www.langlais.com\/en\/wp-json\/wp\/v2\/tags?post=4244"}],"curies":[{"name":"wp","href":"https:\/\/api.w.org\/{rel}","templated":true}]}}