{"id":1312,"date":"2018-04-16T09:11:05","date_gmt":"2018-04-16T13:11:05","guid":{"rendered":"https:\/\/www.langlais.com\/?p=1312"},"modified":"2019-07-18T08:01:16","modified_gmt":"2019-07-18T12:01:16","slug":"salon-de-limmigration-et-de-lintegration-au-quebec-2018","status":"publish","type":"post","link":"https:\/\/www.langlais.com\/es\/salon-de-limmigration-et-de-lintegration-au-quebec-2018\/","title":{"rendered":"Salon de l&#8217;immigration et de l&#8217;int\u00e9gration au Qu\u00e9bec 2018"},"content":{"rendered":"<h2>Venez nous rencontrer!<\/h2>\n<p>Me Hugues Langlais, Me Denis L&#8217;Anglais et Me M\u00e9lissa Potvin vous attendent \u00e0 notre kiosque pour r\u00e9pondre \u00e0 vos questions touchant l&#8217;immigration au Canada et l&#8217;int\u00e9gration au Qu\u00e9bec.<\/p>\n<p>Venez les rencontrer au <a href=\"http:\/\/www.salonimmigration.com\/fr\/exposants\/cabinet-me-hugues-langlais-avocats\" target=\"_blank\" rel=\"noopener noreferrer\">Salon de l&#8217;immigration et de l&#8217;int\u00e9gration au Qu\u00e9bec \u00e0 Montr\u00e9al<\/a>.<\/p>\n<p><strong><em>Kiosque<\/em> <a href=\"http:\/\/www.salonimmigration.com\/fr\/plan-du-salon\" target=\"_blank\" rel=\"noopener noreferrer\">#65<\/a>\u00a0<\/strong>de la zone\u00a0<em><strong><a href=\"http:\/\/www.salonimmigration.com\/fr\/plan-du-salon\" target=\"_blank\" rel=\"noopener noreferrer\">Installation<\/a>\u00a0<\/strong><\/em>(ouvrir le lien pour le plan)<\/p>\n<p><em><strong>Quand:<\/strong>\u00a030 et 31 mai 2018\u00a0<\/em><br \/>\n<em><strong>Horaire:<\/strong> 10h00 \u00e0 18h00<\/em><\/p>\n<p><em><strong>Endroit:<\/strong><br \/>\n<\/em><em>Palais des congr\u00e8s de Montr\u00e9al (m\u00e9tro Place-d&#8217;Armes -ligne orange)<br \/>\n1001, place Jean-Paul-Riopelle<br \/>\nMontr\u00e9al (Qu\u00e9bec)\u00a0 H2Z 1M2<\/em><\/p>\n<h2>Conf\u00e9rence donn\u00e9e par notre cabinet:<\/h2>\n<h3><a href=\"http:\/\/www.salonimmigration.com\/fr\/ateliers-et-conferences\/Parrainer-un-membre-de-sa-famille\" target=\"_blank\" rel=\"noopener noreferrer\">Parrainer un membre de sa famille!<\/a><\/h3>\n<p><em><strong>Quand:<\/strong> 30 mai 2018<\/em><br \/>\n<em><strong>Heure:<\/strong> 15h30 \u00e0 16h30<\/em><\/p>\n<p><em><strong>Endroit:<\/strong> Salle d&#8217;atelier A<\/em><\/p>\n<h2><strong>Entr\u00e9e Gratuite pour tous!<\/strong><\/h2>\n<p><img loading=\"lazy\" decoding=\"async\" class=\"alignnone wp-image-1341\" src=\"https:\/\/www.langlais.com\/wp-content\/uploads\/2018\/04\/d29caa4c-b722-4584-8fc0-1fe18769187a-1-300x131.png\" alt=\"\" width=\"406\" height=\"177\" srcset=\"https:\/\/www.langlais.com\/wp-content\/uploads\/2018\/04\/d29caa4c-b722-4584-8fc0-1fe18769187a-1-300x131.png 300w, https:\/\/www.langlais.com\/wp-content\/uploads\/2018\/04\/d29caa4c-b722-4584-8fc0-1fe18769187a-1-600x262.png 600w, https:\/\/www.langlais.com\/wp-content\/uploads\/2018\/04\/d29caa4c-b722-4584-8fc0-1fe18769187a-1-768x336.png 768w, https:\/\/www.langlais.com\/wp-content\/uploads\/2018\/04\/d29caa4c-b722-4584-8fc0-1fe18769187a-1-1024x447.png 1024w, https:\/\/www.langlais.com\/wp-content\/uploads\/2018\/04\/d29caa4c-b722-4584-8fc0-1fe18769187a-1.png 1920w\" sizes=\"auto, (max-width: 406px) 100vw, 406px\" \/><\/p>\n","protected":false},"excerpt":{"rendered":"<p>Venez nous rencontrer! Me Hugues Langlais, Me Denis L&#8217;Anglais et Me M\u00e9lissa Potvin vous attendent \u00e0 notre kiosque pour r\u00e9pondre \u00e0 vos questions touchant l&#8217;immigration au Canada et l&#8217;int\u00e9gration au Qu\u00e9bec. Venez les rencontrer au Salon de l&#8217;immigration et de l&#8217;int\u00e9gration au Qu\u00e9bec \u00e0 Montr\u00e9al. Kiosque #65\u00a0de la zone\u00a0Installation\u00a0(ouvrir le lien pour le plan) Quand:\u00a030 et 31 mai 2018\u00a0 Horaire: 10h00 \u00e0 18h00 Endroit: Palais des congr\u00e8s de Montr\u00e9al (m\u00e9tro Place-d&#8217;Armes -ligne orange) 1001, place Jean-Paul-Riopelle Montr\u00e9al (Qu\u00e9bec)\u00a0 H2Z 1M2 Conf\u00e9rence donn\u00e9e par notre cabinet: Parrainer un membre de sa famille! Quand: 30 mai 2018 Heure: 15h30 \u00e0 16h30 Endroit:&#8230;<\/p>\n","protected":false},"author":5,"featured_media":1316,"comment_status":"closed","ping_status":"closed","sticky":false,"template":"","format":"standard","meta":{"footnotes":""},"categories":[23],"tags":[],"class_list":["post-1312","post","type-post","status-publish","format-standard","has-post-thumbnail","hentry","category-dans-les-medias"],"yoast_head":"<!-- This site is optimized with the Yoast SEO plugin v27.4 - https:\/\/yoast.com\/product\/yoast-seo-wordpress\/ -->\n<title>Salon de l&#039;immigration et de l&#039;int\u00e9gration au Qu\u00e9bec 2018 - Cabinet d&#039;avocats M\u1d49 Hugues Langlais<\/title>\n<meta name=\"robots\" content=\"index, follow, max-snippet:-1, max-image-preview:large, max-video-preview:-1\" \/>\n<link rel=\"canonical\" href=\"https:\/\/www.langlais.com\/es\/salon-de-limmigration-et-de-lintegration-au-quebec-2018\/\" \/>\n<meta property=\"og:locale\" content=\"es_ES\" \/>\n<meta property=\"og:type\" content=\"article\" \/>\n<meta property=\"og:title\" content=\"Salon de l&#039;immigration et de l&#039;int\u00e9gration au Qu\u00e9bec 2018 - Cabinet d&#039;avocats M\u1d49 Hugues Langlais\" \/>\n<meta property=\"og:description\" content=\"Venez nous rencontrer! Me Hugues Langlais, Me Denis L&#8217;Anglais et Me M\u00e9lissa Potvin vous attendent \u00e0 notre kiosque pour r\u00e9pondre \u00e0 vos questions touchant l&#8217;immigration au Canada et l&#8217;int\u00e9gration au Qu\u00e9bec. Venez les rencontrer au Salon de l&#8217;immigration et de l&#8217;int\u00e9gration au Qu\u00e9bec \u00e0 Montr\u00e9al. Kiosque #65\u00a0de la zone\u00a0Installation\u00a0(ouvrir le lien pour le plan) Quand:\u00a030 et 31 mai 2018\u00a0 Horaire: 10h00 \u00e0 18h00 Endroit: Palais des congr\u00e8s de Montr\u00e9al (m\u00e9tro Place-d&#8217;Armes -ligne orange) 1001, place Jean-Paul-Riopelle Montr\u00e9al (Qu\u00e9bec)\u00a0 H2Z 1M2 Conf\u00e9rence donn\u00e9e par notre cabinet: Parrainer un membre de sa famille! Quand: 30 mai 2018 Heure: 15h30 \u00e0 16h30 Endroit:...\" \/>\n<meta property=\"og:url\" content=\"https:\/\/www.langlais.com\/es\/salon-de-limmigration-et-de-lintegration-au-quebec-2018\/\" \/>\n<meta property=\"og:site_name\" content=\"Cabinet d&#039;avocats M\u1d49 Hugues Langlais\" \/>\n<meta property=\"article:publisher\" content=\"https:\/\/www.facebook.com\/langlaisimmigration\/\" \/>\n<meta property=\"article:published_time\" content=\"2018-04-16T13:11:05+00:00\" \/>\n<meta property=\"article:modified_time\" content=\"2019-07-18T12:01:16+00:00\" \/>\n<meta property=\"og:image\" content=\"https:\/\/www.langlais.com\/wp-content\/uploads\/2018\/04\/160525_zq7gr_rdi-salon-immigration_sn635.jpg\" \/>\n\t<meta property=\"og:image:width\" content=\"635\" \/>\n\t<meta property=\"og:image:height\" content=\"357\" \/>\n\t<meta property=\"og:image:type\" content=\"image\/jpeg\" \/>\n<meta name=\"author\" content=\"Hugues\" \/>\n<meta name=\"twitter:card\" content=\"summary_large_image\" \/>\n<meta name=\"twitter:creator\" content=\"@LanglaisLawFirm\" \/>\n<meta name=\"twitter:site\" content=\"@LanglaisLawFirm\" \/>\n<meta name=\"twitter:label1\" content=\"Escrito por\" \/>\n\t<meta name=\"twitter:data1\" content=\"Hugues\" \/>\n\t<meta name=\"twitter:label2\" content=\"Tiempo de lectura\" \/>\n\t<meta name=\"twitter:data2\" content=\"1 minuto\" \/>\n<script type=\"application\/ld+json\" class=\"yoast-schema-graph\">{\"@context\":\"https:\\\/\\\/schema.org\",\"@graph\":[{\"@type\":\"Article\",\"@id\":\"https:\\\/\\\/www.langlais.com\\\/es\\\/salon-de-limmigration-et-de-lintegration-au-quebec-2018\\\/#article\",\"isPartOf\":{\"@id\":\"https:\\\/\\\/www.langlais.com\\\/es\\\/salon-de-limmigration-et-de-lintegration-au-quebec-2018\\\/\"},\"author\":{\"name\":\"Hugues\",\"@id\":\"https:\\\/\\\/www.langlais.com\\\/es\\\/#\\\/schema\\\/person\\\/ebf1a44547429f0afb1602448d45c958\"},\"headline\":\"Salon de l&#8217;immigration et de l&#8217;int\u00e9gration au Qu\u00e9bec 2018\",\"datePublished\":\"2018-04-16T13:11:05+00:00\",\"dateModified\":\"2019-07-18T12:01:16+00:00\",\"mainEntityOfPage\":{\"@id\":\"https:\\\/\\\/www.langlais.com\\\/es\\\/salon-de-limmigration-et-de-lintegration-au-quebec-2018\\\/\"},\"wordCount\":134,\"publisher\":{\"@id\":\"https:\\\/\\\/www.langlais.com\\\/es\\\/#organization\"},\"image\":{\"@id\":\"https:\\\/\\\/www.langlais.com\\\/es\\\/salon-de-limmigration-et-de-lintegration-au-quebec-2018\\\/#primaryimage\"},\"thumbnailUrl\":\"https:\\\/\\\/www.langlais.com\\\/wp-content\\\/uploads\\\/2018\\\/04\\\/160525_zq7gr_rdi-salon-immigration_sn635.jpg\",\"articleSection\":[\"Dans les m\u00e9dias\"],\"inLanguage\":\"es\"},{\"@type\":\"WebPage\",\"@id\":\"https:\\\/\\\/www.langlais.com\\\/es\\\/salon-de-limmigration-et-de-lintegration-au-quebec-2018\\\/\",\"url\":\"https:\\\/\\\/www.langlais.com\\\/es\\\/salon-de-limmigration-et-de-lintegration-au-quebec-2018\\\/\",\"name\":\"Salon de l'immigration et de l'int\u00e9gration au Qu\u00e9bec 2018 - Cabinet d&#039;avocats M\u1d49 Hugues Langlais\",\"isPartOf\":{\"@id\":\"https:\\\/\\\/www.langlais.com\\\/es\\\/#website\"},\"primaryImageOfPage\":{\"@id\":\"https:\\\/\\\/www.langlais.com\\\/es\\\/salon-de-limmigration-et-de-lintegration-au-quebec-2018\\\/#primaryimage\"},\"image\":{\"@id\":\"https:\\\/\\\/www.langlais.com\\\/es\\\/salon-de-limmigration-et-de-lintegration-au-quebec-2018\\\/#primaryimage\"},\"thumbnailUrl\":\"https:\\\/\\\/www.langlais.com\\\/wp-content\\\/uploads\\\/2018\\\/04\\\/160525_zq7gr_rdi-salon-immigration_sn635.jpg\",\"datePublished\":\"2018-04-16T13:11:05+00:00\",\"dateModified\":\"2019-07-18T12:01:16+00:00\",\"breadcrumb\":{\"@id\":\"https:\\\/\\\/www.langlais.com\\\/es\\\/salon-de-limmigration-et-de-lintegration-au-quebec-2018\\\/#breadcrumb\"},\"inLanguage\":\"es\",\"potentialAction\":[{\"@type\":\"ReadAction\",\"target\":[\"https:\\\/\\\/www.langlais.com\\\/es\\\/salon-de-limmigration-et-de-lintegration-au-quebec-2018\\\/\"]}]},{\"@type\":\"ImageObject\",\"inLanguage\":\"es\",\"@id\":\"https:\\\/\\\/www.langlais.com\\\/es\\\/salon-de-limmigration-et-de-lintegration-au-quebec-2018\\\/#primaryimage\",\"url\":\"https:\\\/\\\/www.langlais.com\\\/wp-content\\\/uploads\\\/2018\\\/04\\\/160525_zq7gr_rdi-salon-immigration_sn635.jpg\",\"contentUrl\":\"https:\\\/\\\/www.langlais.com\\\/wp-content\\\/uploads\\\/2018\\\/04\\\/160525_zq7gr_rdi-salon-immigration_sn635.jpg\",\"width\":635,\"height\":357},{\"@type\":\"BreadcrumbList\",\"@id\":\"https:\\\/\\\/www.langlais.com\\\/es\\\/salon-de-limmigration-et-de-lintegration-au-quebec-2018\\\/#breadcrumb\",\"itemListElement\":[{\"@type\":\"ListItem\",\"position\":1,\"name\":\"Accueil\",\"item\":\"https:\\\/\\\/www.langlais.com\\\/es\\\/\"},{\"@type\":\"ListItem\",\"position\":2,\"name\":\"Salon de l&rsquo;immigration et de l&rsquo;int\u00e9gration au Qu\u00e9bec 2018\"}]},{\"@type\":\"WebSite\",\"@id\":\"https:\\\/\\\/www.langlais.com\\\/es\\\/#website\",\"url\":\"https:\\\/\\\/www.langlais.com\\\/es\\\/\",\"name\":\"Cabinet M\u1d49 Hugues Langlais Avocats en Immigration\",\"description\":\"\",\"publisher\":{\"@id\":\"https:\\\/\\\/www.langlais.com\\\/es\\\/#organization\"},\"potentialAction\":[{\"@type\":\"SearchAction\",\"target\":{\"@type\":\"EntryPoint\",\"urlTemplate\":\"https:\\\/\\\/www.langlais.com\\\/es\\\/?s={search_term_string}\"},\"query-input\":{\"@type\":\"PropertyValueSpecification\",\"valueRequired\":true,\"valueName\":\"search_term_string\"}}],\"inLanguage\":\"es\"},{\"@type\":\"Organization\",\"@id\":\"https:\\\/\\\/www.langlais.com\\\/es\\\/#organization\",\"name\":\"Cabinet M\u1d49 Hugues Langlais Avocats en Immigration\",\"url\":\"https:\\\/\\\/www.langlais.com\\\/es\\\/\",\"logo\":{\"@type\":\"ImageObject\",\"inLanguage\":\"es\",\"@id\":\"https:\\\/\\\/www.langlais.com\\\/es\\\/#\\\/schema\\\/logo\\\/image\\\/\",\"url\":\"https:\\\/\\\/www.langlais.com\\\/wp-content\\\/uploads\\\/2019\\\/05\\\/Cabinet-Me-Hugues-Langlais-logo-sq.jpg\",\"contentUrl\":\"https:\\\/\\\/www.langlais.com\\\/wp-content\\\/uploads\\\/2019\\\/05\\\/Cabinet-Me-Hugues-Langlais-logo-sq.jpg\",\"width\":578,\"height\":578,\"caption\":\"Cabinet M\u1d49 Hugues Langlais Avocats en Immigration\"},\"image\":{\"@id\":\"https:\\\/\\\/www.langlais.com\\\/es\\\/#\\\/schema\\\/logo\\\/image\\\/\"},\"sameAs\":[\"https:\\\/\\\/www.facebook.com\\\/langlaisimmigration\\\/\",\"https:\\\/\\\/x.com\\\/LanglaisLawFirm\",\"https:\\\/\\\/www.linkedin.com\\\/in\\\/hugueslanglais4immigrationlaw\\\/\",\"https:\\\/\\\/www.youtube.com\\\/channel\\\/UCBKNZKz80QxrR4P253Hmykw\"]},{\"@type\":\"Person\",\"@id\":\"https:\\\/\\\/www.langlais.com\\\/es\\\/#\\\/schema\\\/person\\\/ebf1a44547429f0afb1602448d45c958\",\"name\":\"Hugues\",\"image\":{\"@type\":\"ImageObject\",\"inLanguage\":\"es\",\"@id\":\"https:\\\/\\\/secure.gravatar.com\\\/avatar\\\/a1df498cee01fc20b309dd5034cd0090e21ddb45e40bfc188827b63c6b847166?s=96&d=mm&r=g\",\"url\":\"https:\\\/\\\/secure.gravatar.com\\\/avatar\\\/a1df498cee01fc20b309dd5034cd0090e21ddb45e40bfc188827b63c6b847166?s=96&d=mm&r=g\",\"contentUrl\":\"https:\\\/\\\/secure.gravatar.com\\\/avatar\\\/a1df498cee01fc20b309dd5034cd0090e21ddb45e40bfc188827b63c6b847166?s=96&d=mm&r=g\",\"caption\":\"Hugues\"},\"url\":\"https:\\\/\\\/www.langlais.com\\\/es\\\/author\\\/hugues\\\/\"}]}<\/script>\n<!-- \/ Yoast SEO plugin. -->","yoast_head_json":{"title":"Salon de l'immigration et de l'int\u00e9gration au Qu\u00e9bec 2018 - Cabinet d&#039;avocats M\u1d49 Hugues Langlais","robots":{"index":"index","follow":"follow","max-snippet":"max-snippet:-1","max-image-preview":"max-image-preview:large","max-video-preview":"max-video-preview:-1"},"canonical":"https:\/\/www.langlais.com\/es\/salon-de-limmigration-et-de-lintegration-au-quebec-2018\/","og_locale":"es_ES","og_type":"article","og_title":"Salon de l'immigration et de l'int\u00e9gration au Qu\u00e9bec 2018 - Cabinet d&#039;avocats M\u1d49 Hugues Langlais","og_description":"Venez nous rencontrer! Me Hugues Langlais, Me Denis L&#8217;Anglais et Me M\u00e9lissa Potvin vous attendent \u00e0 notre kiosque pour r\u00e9pondre \u00e0 vos questions touchant l&#8217;immigration au Canada et l&#8217;int\u00e9gration au Qu\u00e9bec. Venez les rencontrer au Salon de l&#8217;immigration et de l&#8217;int\u00e9gration au Qu\u00e9bec \u00e0 Montr\u00e9al. Kiosque #65\u00a0de la zone\u00a0Installation\u00a0(ouvrir le lien pour le plan) Quand:\u00a030 et 31 mai 2018\u00a0 Horaire: 10h00 \u00e0 18h00 Endroit: Palais des congr\u00e8s de Montr\u00e9al (m\u00e9tro Place-d&#8217;Armes -ligne orange) 1001, place Jean-Paul-Riopelle Montr\u00e9al (Qu\u00e9bec)\u00a0 H2Z 1M2 Conf\u00e9rence donn\u00e9e par notre cabinet: Parrainer un membre de sa famille! Quand: 30 mai 2018 Heure: 15h30 \u00e0 16h30 Endroit:...","og_url":"https:\/\/www.langlais.com\/es\/salon-de-limmigration-et-de-lintegration-au-quebec-2018\/","og_site_name":"Cabinet d&#039;avocats M\u1d49 Hugues Langlais","article_publisher":"https:\/\/www.facebook.com\/langlaisimmigration\/","article_published_time":"2018-04-16T13:11:05+00:00","article_modified_time":"2019-07-18T12:01:16+00:00","og_image":[{"width":635,"height":357,"url":"https:\/\/www.langlais.com\/wp-content\/uploads\/2018\/04\/160525_zq7gr_rdi-salon-immigration_sn635.jpg","type":"image\/jpeg"}],"author":"Hugues","twitter_card":"summary_large_image","twitter_creator":"@LanglaisLawFirm","twitter_site":"@LanglaisLawFirm","twitter_misc":{"Escrito por":"Hugues","Tiempo de lectura":"1 minuto"},"schema":{"@context":"https:\/\/schema.org","@graph":[{"@type":"Article","@id":"https:\/\/www.langlais.com\/es\/salon-de-limmigration-et-de-lintegration-au-quebec-2018\/#article","isPartOf":{"@id":"https:\/\/www.langlais.com\/es\/salon-de-limmigration-et-de-lintegration-au-quebec-2018\/"},"author":{"name":"Hugues","@id":"https:\/\/www.langlais.com\/es\/#\/schema\/person\/ebf1a44547429f0afb1602448d45c958"},"headline":"Salon de l&#8217;immigration et de l&#8217;int\u00e9gration au Qu\u00e9bec 2018","datePublished":"2018-04-16T13:11:05+00:00","dateModified":"2019-07-18T12:01:16+00:00","mainEntityOfPage":{"@id":"https:\/\/www.langlais.com\/es\/salon-de-limmigration-et-de-lintegration-au-quebec-2018\/"},"wordCount":134,"publisher":{"@id":"https:\/\/www.langlais.com\/es\/#organization"},"image":{"@id":"https:\/\/www.langlais.com\/es\/salon-de-limmigration-et-de-lintegration-au-quebec-2018\/#primaryimage"},"thumbnailUrl":"https:\/\/www.langlais.com\/wp-content\/uploads\/2018\/04\/160525_zq7gr_rdi-salon-immigration_sn635.jpg","articleSection":["Dans les m\u00e9dias"],"inLanguage":"es"},{"@type":"WebPage","@id":"https:\/\/www.langlais.com\/es\/salon-de-limmigration-et-de-lintegration-au-quebec-2018\/","url":"https:\/\/www.langlais.com\/es\/salon-de-limmigration-et-de-lintegration-au-quebec-2018\/","name":"Salon de l'immigration et de l'int\u00e9gration au Qu\u00e9bec 2018 - Cabinet d&#039;avocats M\u1d49 Hugues Langlais","isPartOf":{"@id":"https:\/\/www.langlais.com\/es\/#website"},"primaryImageOfPage":{"@id":"https:\/\/www.langlais.com\/es\/salon-de-limmigration-et-de-lintegration-au-quebec-2018\/#primaryimage"},"image":{"@id":"https:\/\/www.langlais.com\/es\/salon-de-limmigration-et-de-lintegration-au-quebec-2018\/#primaryimage"},"thumbnailUrl":"https:\/\/www.langlais.com\/wp-content\/uploads\/2018\/04\/160525_zq7gr_rdi-salon-immigration_sn635.jpg","datePublished":"2018-04-16T13:11:05+00:00","dateModified":"2019-07-18T12:01:16+00:00","breadcrumb":{"@id":"https:\/\/www.langlais.com\/es\/salon-de-limmigration-et-de-lintegration-au-quebec-2018\/#breadcrumb"},"inLanguage":"es","potentialAction":[{"@type":"ReadAction","target":["https:\/\/www.langlais.com\/es\/salon-de-limmigration-et-de-lintegration-au-quebec-2018\/"]}]},{"@type":"ImageObject","inLanguage":"es","@id":"https:\/\/www.langlais.com\/es\/salon-de-limmigration-et-de-lintegration-au-quebec-2018\/#primaryimage","url":"https:\/\/www.langlais.com\/wp-content\/uploads\/2018\/04\/160525_zq7gr_rdi-salon-immigration_sn635.jpg","contentUrl":"https:\/\/www.langlais.com\/wp-content\/uploads\/2018\/04\/160525_zq7gr_rdi-salon-immigration_sn635.jpg","width":635,"height":357},{"@type":"BreadcrumbList","@id":"https:\/\/www.langlais.com\/es\/salon-de-limmigration-et-de-lintegration-au-quebec-2018\/#breadcrumb","itemListElement":[{"@type":"ListItem","position":1,"name":"Accueil","item":"https:\/\/www.langlais.com\/es\/"},{"@type":"ListItem","position":2,"name":"Salon de l&rsquo;immigration et de l&rsquo;int\u00e9gration au Qu\u00e9bec 2018"}]},{"@type":"WebSite","@id":"https:\/\/www.langlais.com\/es\/#website","url":"https:\/\/www.langlais.com\/es\/","name":"Cabinet M\u1d49 Hugues Langlais Avocats en Immigration","description":"","publisher":{"@id":"https:\/\/www.langlais.com\/es\/#organization"},"potentialAction":[{"@type":"SearchAction","target":{"@type":"EntryPoint","urlTemplate":"https:\/\/www.langlais.com\/es\/?s={search_term_string}"},"query-input":{"@type":"PropertyValueSpecification","valueRequired":true,"valueName":"search_term_string"}}],"inLanguage":"es"},{"@type":"Organization","@id":"https:\/\/www.langlais.com\/es\/#organization","name":"Cabinet M\u1d49 Hugues Langlais Avocats en Immigration","url":"https:\/\/www.langlais.com\/es\/","logo":{"@type":"ImageObject","inLanguage":"es","@id":"https:\/\/www.langlais.com\/es\/#\/schema\/logo\/image\/","url":"https:\/\/www.langlais.com\/wp-content\/uploads\/2019\/05\/Cabinet-Me-Hugues-Langlais-logo-sq.jpg","contentUrl":"https:\/\/www.langlais.com\/wp-content\/uploads\/2019\/05\/Cabinet-Me-Hugues-Langlais-logo-sq.jpg","width":578,"height":578,"caption":"Cabinet M\u1d49 Hugues Langlais Avocats en Immigration"},"image":{"@id":"https:\/\/www.langlais.com\/es\/#\/schema\/logo\/image\/"},"sameAs":["https:\/\/www.facebook.com\/langlaisimmigration\/","https:\/\/x.com\/LanglaisLawFirm","https:\/\/www.linkedin.com\/in\/hugueslanglais4immigrationlaw\/","https:\/\/www.youtube.com\/channel\/UCBKNZKz80QxrR4P253Hmykw"]},{"@type":"Person","@id":"https:\/\/www.langlais.com\/es\/#\/schema\/person\/ebf1a44547429f0afb1602448d45c958","name":"Hugues","image":{"@type":"ImageObject","inLanguage":"es","@id":"https:\/\/secure.gravatar.com\/avatar\/a1df498cee01fc20b309dd5034cd0090e21ddb45e40bfc188827b63c6b847166?s=96&d=mm&r=g","url":"https:\/\/secure.gravatar.com\/avatar\/a1df498cee01fc20b309dd5034cd0090e21ddb45e40bfc188827b63c6b847166?s=96&d=mm&r=g","contentUrl":"https:\/\/secure.gravatar.com\/avatar\/a1df498cee01fc20b309dd5034cd0090e21ddb45e40bfc188827b63c6b847166?s=96&d=mm&r=g","caption":"Hugues"},"url":"https:\/\/www.langlais.com\/es\/author\/hugues\/"}]}},"_links":{"self":[{"href":"https:\/\/www.langlais.com\/es\/wp-json\/wp\/v2\/posts\/1312","targetHints":{"allow":["GET"]}}],"collection":[{"href":"https:\/\/www.langlais.com\/es\/wp-json\/wp\/v2\/posts"}],"about":[{"href":"https:\/\/www.langlais.com\/es\/wp-json\/wp\/v2\/types\/post"}],"author":[{"embeddable":true,"href":"https:\/\/www.langlais.com\/es\/wp-json\/wp\/v2\/users\/5"}],"replies":[{"embeddable":true,"href":"https:\/\/www.langlais.com\/es\/wp-json\/wp\/v2\/comments?post=1312"}],"version-history":[{"count":1,"href":"https:\/\/www.langlais.com\/es\/wp-json\/wp\/v2\/posts\/1312\/revisions"}],"predecessor-version":[{"id":3795,"href":"https:\/\/www.langlais.com\/es\/wp-json\/wp\/v2\/posts\/1312\/revisions\/3795"}],"wp:featuredmedia":[{"embeddable":true,"href":"https:\/\/www.langlais.com\/es\/wp-json\/wp\/v2\/media\/1316"}],"wp:attachment":[{"href":"https:\/\/www.langlais.com\/es\/wp-json\/wp\/v2\/media?parent=1312"}],"wp:term":[{"taxonomy":"category","embeddable":true,"href":"https:\/\/www.langlais.com\/es\/wp-json\/wp\/v2\/categories?post=1312"},{"taxonomy":"post_tag","embeddable":true,"href":"https:\/\/www.langlais.com\/es\/wp-json\/wp\/v2\/tags?post=1312"}],"curies":[{"name":"wp","href":"https:\/\/api.w.org\/{rel}","templated":true}]}}