{"id":2126,"date":"2019-02-28T09:56:17","date_gmt":"2019-02-28T13:56:17","guid":{"rendered":"https:\/\/www.langlais.com\/?p=2126"},"modified":"2019-07-18T08:00:37","modified_gmt":"2019-07-18T12:00:37","slug":"menaces-de-nouvelles-poursuites","status":"publish","type":"post","link":"https:\/\/www.langlais.com\/es\/menaces-de-nouvelles-poursuites\/","title":{"rendered":"Des avocats en immigration menacent le gouvernement de nouvelles poursuites"},"content":{"rendered":"<p><img loading=\"lazy\" decoding=\"async\" class=\"alignright size-medium wp-image-2074\" src=\"https:\/\/www.langlais.com\/wp-content\/uploads\/2018\/09\/ici-radio-canada-300x200.jpg\" alt=\"Ici Radio-Canada\" width=\"300\" height=\"200\" srcset=\"https:\/\/www.langlais.com\/wp-content\/uploads\/2018\/09\/ici-radio-canada-300x200.jpg 300w, https:\/\/www.langlais.com\/wp-content\/uploads\/2018\/09\/ici-radio-canada-600x400.jpg 600w, https:\/\/www.langlais.com\/wp-content\/uploads\/2018\/09\/ici-radio-canada.jpg 640w\" sizes=\"auto, (max-width: 300px) 100vw, 300px\" \/>Romain Schu\u00e9, journaliste \u00e0 Ici Radio-Canada a interview\u00e9 Me Langlais au sujet des consultations sur le projet de loi sur l&#8217;immigration du Gouvernement du Qu\u00e9bec.<\/p>\n<p class=\"e-p\">Pr\u00e9sident du comit\u00e9 consultatif en droit de l\u2019immigration et de la citoyennet\u00e9 au Barreau du Qu\u00e9bec, Hugues Langlais a quant \u00e0 lui parl\u00e9 d\u2019\u00ab\u00a0un processus discriminatoire [qui] donne ouverture \u00e0 des contestations\u00a0\u00bb.<\/p>\n<blockquote class=\"e-blockquote undefined\"><p><em>Est-ce que comme soci\u00e9t\u00e9 je suis attractif dans le monde entier lorsque je mets des conditions? La r\u00e9ponse est tout simplement non. Moins il y a de conditions, plus ce sera favorable \u00e0 l\u2019immigration.\u00a0<\/em><em>\u00a0Hugues Langlais<\/em><\/p><\/blockquote>\n<p>Consultez l&#8217;article complet sur <a href=\"https:\/\/ici.radio-canada.ca\/nouvelle\/1155826\/immigration-avocats-nouvelles-poursuites-judiciaires-quebec-legault\">Ici Radio-Canada<\/a>.<\/p>\n","protected":false},"excerpt":{"rendered":"<p>Romain Schu\u00e9, journaliste \u00e0 Ici Radio-Canada a interview\u00e9 Me Langlais au sujet des consultations sur le projet de loi sur l&#8217;immigration du Gouvernement du Qu\u00e9bec. Pr\u00e9sident du comit\u00e9 consultatif en droit de l\u2019immigration et de la citoyennet\u00e9 au Barreau du Qu\u00e9bec, Hugues Langlais a quant \u00e0 lui parl\u00e9 d\u2019\u00ab\u00a0un processus discriminatoire [qui] donne ouverture \u00e0 des contestations\u00a0\u00bb. Est-ce que comme soci\u00e9t\u00e9 je suis attractif dans le monde entier lorsque je mets des conditions? La r\u00e9ponse est tout simplement non. Moins il y a de conditions, plus ce sera favorable \u00e0 l\u2019immigration.\u00a0\u00a0Hugues Langlais Consultez l&#8217;article complet sur Ici Radio-Canada.<\/p>\n","protected":false},"author":5,"featured_media":2364,"comment_status":"closed","ping_status":"closed","sticky":false,"template":"","format":"standard","meta":{"footnotes":""},"categories":[23],"tags":[],"class_list":["post-2126","post","type-post","status-publish","format-standard","has-post-thumbnail","hentry","category-dans-les-medias"],"yoast_head":"<!-- This site is optimized with the Yoast SEO plugin v27.4 - https:\/\/yoast.com\/product\/yoast-seo-wordpress\/ -->\n<title>Des avocats en immigration menacent le gouvernement de nouvelles poursuites - Cabinet d&#039;avocats M\u1d49 Hugues Langlais<\/title>\n<meta name=\"robots\" content=\"index, follow, max-snippet:-1, max-image-preview:large, max-video-preview:-1\" \/>\n<link rel=\"canonical\" href=\"https:\/\/www.langlais.com\/es\/menaces-de-nouvelles-poursuites\/\" \/>\n<meta property=\"og:locale\" content=\"es_ES\" \/>\n<meta property=\"og:type\" content=\"article\" \/>\n<meta property=\"og:title\" content=\"Des avocats en immigration menacent le gouvernement de nouvelles poursuites - Cabinet d&#039;avocats M\u1d49 Hugues Langlais\" \/>\n<meta property=\"og:description\" content=\"Romain Schu\u00e9, journaliste \u00e0 Ici Radio-Canada a interview\u00e9 Me Langlais au sujet des consultations sur le projet de loi sur l&#8217;immigration du Gouvernement du Qu\u00e9bec. Pr\u00e9sident du comit\u00e9 consultatif en droit de l\u2019immigration et de la citoyennet\u00e9 au Barreau du Qu\u00e9bec, Hugues Langlais a quant \u00e0 lui parl\u00e9 d\u2019\u00ab\u00a0un processus discriminatoire [qui] donne ouverture \u00e0 des contestations\u00a0\u00bb. Est-ce que comme soci\u00e9t\u00e9 je suis attractif dans le monde entier lorsque je mets des conditions? La r\u00e9ponse est tout simplement non. Moins il y a de conditions, plus ce sera favorable \u00e0 l\u2019immigration.\u00a0\u00a0Hugues Langlais Consultez l&#8217;article complet sur Ici Radio-Canada.\" \/>\n<meta property=\"og:url\" content=\"https:\/\/www.langlais.com\/es\/menaces-de-nouvelles-poursuites\/\" \/>\n<meta property=\"og:site_name\" content=\"Cabinet d&#039;avocats M\u1d49 Hugues Langlais\" \/>\n<meta property=\"article:publisher\" content=\"https:\/\/www.facebook.com\/langlaisimmigration\/\" \/>\n<meta property=\"article:published_time\" content=\"2019-02-28T13:56:17+00:00\" \/>\n<meta property=\"article:modified_time\" content=\"2019-07-18T12:00:37+00:00\" \/>\n<meta property=\"og:image\" content=\"https:\/\/www.langlais.com\/wp-content\/uploads\/2019\/05\/ici-radio-canada-300.jpg\" \/>\n\t<meta property=\"og:image:width\" content=\"300\" \/>\n\t<meta property=\"og:image:height\" content=\"300\" \/>\n\t<meta property=\"og:image:type\" content=\"image\/jpeg\" \/>\n<meta name=\"author\" content=\"Hugues\" \/>\n<meta name=\"twitter:card\" content=\"summary_large_image\" \/>\n<meta name=\"twitter:creator\" content=\"@LanglaisLawFirm\" \/>\n<meta name=\"twitter:site\" content=\"@LanglaisLawFirm\" \/>\n<meta name=\"twitter:label1\" content=\"Escrito por\" \/>\n\t<meta name=\"twitter:data1\" content=\"Hugues\" \/>\n\t<meta name=\"twitter:label2\" content=\"Tiempo de lectura\" \/>\n\t<meta name=\"twitter:data2\" content=\"1 minuto\" \/>\n<script type=\"application\/ld+json\" class=\"yoast-schema-graph\">{\"@context\":\"https:\\\/\\\/schema.org\",\"@graph\":[{\"@type\":\"Article\",\"@id\":\"https:\\\/\\\/www.langlais.com\\\/es\\\/menaces-de-nouvelles-poursuites\\\/#article\",\"isPartOf\":{\"@id\":\"https:\\\/\\\/www.langlais.com\\\/es\\\/menaces-de-nouvelles-poursuites\\\/\"},\"author\":{\"name\":\"Hugues\",\"@id\":\"https:\\\/\\\/www.langlais.com\\\/es\\\/#\\\/schema\\\/person\\\/ebf1a44547429f0afb1602448d45c958\"},\"headline\":\"Des avocats en immigration menacent le gouvernement de nouvelles poursuites\",\"datePublished\":\"2019-02-28T13:56:17+00:00\",\"dateModified\":\"2019-07-18T12:00:37+00:00\",\"mainEntityOfPage\":{\"@id\":\"https:\\\/\\\/www.langlais.com\\\/es\\\/menaces-de-nouvelles-poursuites\\\/\"},\"wordCount\":115,\"publisher\":{\"@id\":\"https:\\\/\\\/www.langlais.com\\\/es\\\/#organization\"},\"image\":{\"@id\":\"https:\\\/\\\/www.langlais.com\\\/es\\\/menaces-de-nouvelles-poursuites\\\/#primaryimage\"},\"thumbnailUrl\":\"https:\\\/\\\/www.langlais.com\\\/wp-content\\\/uploads\\\/2019\\\/05\\\/ici-radio-canada-300.jpg\",\"articleSection\":[\"Dans les m\u00e9dias\"],\"inLanguage\":\"es\"},{\"@type\":\"WebPage\",\"@id\":\"https:\\\/\\\/www.langlais.com\\\/es\\\/menaces-de-nouvelles-poursuites\\\/\",\"url\":\"https:\\\/\\\/www.langlais.com\\\/es\\\/menaces-de-nouvelles-poursuites\\\/\",\"name\":\"Des avocats en immigration menacent le gouvernement de nouvelles poursuites - Cabinet d&#039;avocats M\u1d49 Hugues Langlais\",\"isPartOf\":{\"@id\":\"https:\\\/\\\/www.langlais.com\\\/es\\\/#website\"},\"primaryImageOfPage\":{\"@id\":\"https:\\\/\\\/www.langlais.com\\\/es\\\/menaces-de-nouvelles-poursuites\\\/#primaryimage\"},\"image\":{\"@id\":\"https:\\\/\\\/www.langlais.com\\\/es\\\/menaces-de-nouvelles-poursuites\\\/#primaryimage\"},\"thumbnailUrl\":\"https:\\\/\\\/www.langlais.com\\\/wp-content\\\/uploads\\\/2019\\\/05\\\/ici-radio-canada-300.jpg\",\"datePublished\":\"2019-02-28T13:56:17+00:00\",\"dateModified\":\"2019-07-18T12:00:37+00:00\",\"breadcrumb\":{\"@id\":\"https:\\\/\\\/www.langlais.com\\\/es\\\/menaces-de-nouvelles-poursuites\\\/#breadcrumb\"},\"inLanguage\":\"es\",\"potentialAction\":[{\"@type\":\"ReadAction\",\"target\":[\"https:\\\/\\\/www.langlais.com\\\/es\\\/menaces-de-nouvelles-poursuites\\\/\"]}]},{\"@type\":\"ImageObject\",\"inLanguage\":\"es\",\"@id\":\"https:\\\/\\\/www.langlais.com\\\/es\\\/menaces-de-nouvelles-poursuites\\\/#primaryimage\",\"url\":\"https:\\\/\\\/www.langlais.com\\\/wp-content\\\/uploads\\\/2019\\\/05\\\/ici-radio-canada-300.jpg\",\"contentUrl\":\"https:\\\/\\\/www.langlais.com\\\/wp-content\\\/uploads\\\/2019\\\/05\\\/ici-radio-canada-300.jpg\",\"width\":300,\"height\":300},{\"@type\":\"BreadcrumbList\",\"@id\":\"https:\\\/\\\/www.langlais.com\\\/es\\\/menaces-de-nouvelles-poursuites\\\/#breadcrumb\",\"itemListElement\":[{\"@type\":\"ListItem\",\"position\":1,\"name\":\"Accueil\",\"item\":\"https:\\\/\\\/www.langlais.com\\\/es\\\/\"},{\"@type\":\"ListItem\",\"position\":2,\"name\":\"Des avocats en immigration menacent le gouvernement de nouvelles poursuites\"}]},{\"@type\":\"WebSite\",\"@id\":\"https:\\\/\\\/www.langlais.com\\\/es\\\/#website\",\"url\":\"https:\\\/\\\/www.langlais.com\\\/es\\\/\",\"name\":\"Cabinet M\u1d49 Hugues Langlais Avocats en Immigration\",\"description\":\"\",\"publisher\":{\"@id\":\"https:\\\/\\\/www.langlais.com\\\/es\\\/#organization\"},\"potentialAction\":[{\"@type\":\"SearchAction\",\"target\":{\"@type\":\"EntryPoint\",\"urlTemplate\":\"https:\\\/\\\/www.langlais.com\\\/es\\\/?s={search_term_string}\"},\"query-input\":{\"@type\":\"PropertyValueSpecification\",\"valueRequired\":true,\"valueName\":\"search_term_string\"}}],\"inLanguage\":\"es\"},{\"@type\":\"Organization\",\"@id\":\"https:\\\/\\\/www.langlais.com\\\/es\\\/#organization\",\"name\":\"Cabinet M\u1d49 Hugues Langlais Avocats en Immigration\",\"url\":\"https:\\\/\\\/www.langlais.com\\\/es\\\/\",\"logo\":{\"@type\":\"ImageObject\",\"inLanguage\":\"es\",\"@id\":\"https:\\\/\\\/www.langlais.com\\\/es\\\/#\\\/schema\\\/logo\\\/image\\\/\",\"url\":\"https:\\\/\\\/www.langlais.com\\\/wp-content\\\/uploads\\\/2019\\\/05\\\/Cabinet-Me-Hugues-Langlais-logo-sq.jpg\",\"contentUrl\":\"https:\\\/\\\/www.langlais.com\\\/wp-content\\\/uploads\\\/2019\\\/05\\\/Cabinet-Me-Hugues-Langlais-logo-sq.jpg\",\"width\":578,\"height\":578,\"caption\":\"Cabinet M\u1d49 Hugues Langlais Avocats en Immigration\"},\"image\":{\"@id\":\"https:\\\/\\\/www.langlais.com\\\/es\\\/#\\\/schema\\\/logo\\\/image\\\/\"},\"sameAs\":[\"https:\\\/\\\/www.facebook.com\\\/langlaisimmigration\\\/\",\"https:\\\/\\\/x.com\\\/LanglaisLawFirm\",\"https:\\\/\\\/www.linkedin.com\\\/in\\\/hugueslanglais4immigrationlaw\\\/\",\"https:\\\/\\\/www.youtube.com\\\/channel\\\/UCBKNZKz80QxrR4P253Hmykw\"]},{\"@type\":\"Person\",\"@id\":\"https:\\\/\\\/www.langlais.com\\\/es\\\/#\\\/schema\\\/person\\\/ebf1a44547429f0afb1602448d45c958\",\"name\":\"Hugues\",\"image\":{\"@type\":\"ImageObject\",\"inLanguage\":\"es\",\"@id\":\"https:\\\/\\\/secure.gravatar.com\\\/avatar\\\/a1df498cee01fc20b309dd5034cd0090e21ddb45e40bfc188827b63c6b847166?s=96&d=mm&r=g\",\"url\":\"https:\\\/\\\/secure.gravatar.com\\\/avatar\\\/a1df498cee01fc20b309dd5034cd0090e21ddb45e40bfc188827b63c6b847166?s=96&d=mm&r=g\",\"contentUrl\":\"https:\\\/\\\/secure.gravatar.com\\\/avatar\\\/a1df498cee01fc20b309dd5034cd0090e21ddb45e40bfc188827b63c6b847166?s=96&d=mm&r=g\",\"caption\":\"Hugues\"},\"url\":\"https:\\\/\\\/www.langlais.com\\\/es\\\/author\\\/hugues\\\/\"}]}<\/script>\n<!-- \/ Yoast SEO plugin. -->","yoast_head_json":{"title":"Des avocats en immigration menacent le gouvernement de nouvelles poursuites - Cabinet d&#039;avocats M\u1d49 Hugues Langlais","robots":{"index":"index","follow":"follow","max-snippet":"max-snippet:-1","max-image-preview":"max-image-preview:large","max-video-preview":"max-video-preview:-1"},"canonical":"https:\/\/www.langlais.com\/es\/menaces-de-nouvelles-poursuites\/","og_locale":"es_ES","og_type":"article","og_title":"Des avocats en immigration menacent le gouvernement de nouvelles poursuites - Cabinet d&#039;avocats M\u1d49 Hugues Langlais","og_description":"Romain Schu\u00e9, journaliste \u00e0 Ici Radio-Canada a interview\u00e9 Me Langlais au sujet des consultations sur le projet de loi sur l&#8217;immigration du Gouvernement du Qu\u00e9bec. Pr\u00e9sident du comit\u00e9 consultatif en droit de l\u2019immigration et de la citoyennet\u00e9 au Barreau du Qu\u00e9bec, Hugues Langlais a quant \u00e0 lui parl\u00e9 d\u2019\u00ab\u00a0un processus discriminatoire [qui] donne ouverture \u00e0 des contestations\u00a0\u00bb. Est-ce que comme soci\u00e9t\u00e9 je suis attractif dans le monde entier lorsque je mets des conditions? La r\u00e9ponse est tout simplement non. Moins il y a de conditions, plus ce sera favorable \u00e0 l\u2019immigration.\u00a0\u00a0Hugues Langlais Consultez l&#8217;article complet sur Ici Radio-Canada.","og_url":"https:\/\/www.langlais.com\/es\/menaces-de-nouvelles-poursuites\/","og_site_name":"Cabinet d&#039;avocats M\u1d49 Hugues Langlais","article_publisher":"https:\/\/www.facebook.com\/langlaisimmigration\/","article_published_time":"2019-02-28T13:56:17+00:00","article_modified_time":"2019-07-18T12:00:37+00:00","og_image":[{"width":300,"height":300,"url":"https:\/\/www.langlais.com\/wp-content\/uploads\/2019\/05\/ici-radio-canada-300.jpg","type":"image\/jpeg"}],"author":"Hugues","twitter_card":"summary_large_image","twitter_creator":"@LanglaisLawFirm","twitter_site":"@LanglaisLawFirm","twitter_misc":{"Escrito por":"Hugues","Tiempo de lectura":"1 minuto"},"schema":{"@context":"https:\/\/schema.org","@graph":[{"@type":"Article","@id":"https:\/\/www.langlais.com\/es\/menaces-de-nouvelles-poursuites\/#article","isPartOf":{"@id":"https:\/\/www.langlais.com\/es\/menaces-de-nouvelles-poursuites\/"},"author":{"name":"Hugues","@id":"https:\/\/www.langlais.com\/es\/#\/schema\/person\/ebf1a44547429f0afb1602448d45c958"},"headline":"Des avocats en immigration menacent le gouvernement de nouvelles poursuites","datePublished":"2019-02-28T13:56:17+00:00","dateModified":"2019-07-18T12:00:37+00:00","mainEntityOfPage":{"@id":"https:\/\/www.langlais.com\/es\/menaces-de-nouvelles-poursuites\/"},"wordCount":115,"publisher":{"@id":"https:\/\/www.langlais.com\/es\/#organization"},"image":{"@id":"https:\/\/www.langlais.com\/es\/menaces-de-nouvelles-poursuites\/#primaryimage"},"thumbnailUrl":"https:\/\/www.langlais.com\/wp-content\/uploads\/2019\/05\/ici-radio-canada-300.jpg","articleSection":["Dans les m\u00e9dias"],"inLanguage":"es"},{"@type":"WebPage","@id":"https:\/\/www.langlais.com\/es\/menaces-de-nouvelles-poursuites\/","url":"https:\/\/www.langlais.com\/es\/menaces-de-nouvelles-poursuites\/","name":"Des avocats en immigration menacent le gouvernement de nouvelles poursuites - Cabinet d&#039;avocats M\u1d49 Hugues Langlais","isPartOf":{"@id":"https:\/\/www.langlais.com\/es\/#website"},"primaryImageOfPage":{"@id":"https:\/\/www.langlais.com\/es\/menaces-de-nouvelles-poursuites\/#primaryimage"},"image":{"@id":"https:\/\/www.langlais.com\/es\/menaces-de-nouvelles-poursuites\/#primaryimage"},"thumbnailUrl":"https:\/\/www.langlais.com\/wp-content\/uploads\/2019\/05\/ici-radio-canada-300.jpg","datePublished":"2019-02-28T13:56:17+00:00","dateModified":"2019-07-18T12:00:37+00:00","breadcrumb":{"@id":"https:\/\/www.langlais.com\/es\/menaces-de-nouvelles-poursuites\/#breadcrumb"},"inLanguage":"es","potentialAction":[{"@type":"ReadAction","target":["https:\/\/www.langlais.com\/es\/menaces-de-nouvelles-poursuites\/"]}]},{"@type":"ImageObject","inLanguage":"es","@id":"https:\/\/www.langlais.com\/es\/menaces-de-nouvelles-poursuites\/#primaryimage","url":"https:\/\/www.langlais.com\/wp-content\/uploads\/2019\/05\/ici-radio-canada-300.jpg","contentUrl":"https:\/\/www.langlais.com\/wp-content\/uploads\/2019\/05\/ici-radio-canada-300.jpg","width":300,"height":300},{"@type":"BreadcrumbList","@id":"https:\/\/www.langlais.com\/es\/menaces-de-nouvelles-poursuites\/#breadcrumb","itemListElement":[{"@type":"ListItem","position":1,"name":"Accueil","item":"https:\/\/www.langlais.com\/es\/"},{"@type":"ListItem","position":2,"name":"Des avocats en immigration menacent le gouvernement de nouvelles poursuites"}]},{"@type":"WebSite","@id":"https:\/\/www.langlais.com\/es\/#website","url":"https:\/\/www.langlais.com\/es\/","name":"Cabinet M\u1d49 Hugues Langlais Avocats en Immigration","description":"","publisher":{"@id":"https:\/\/www.langlais.com\/es\/#organization"},"potentialAction":[{"@type":"SearchAction","target":{"@type":"EntryPoint","urlTemplate":"https:\/\/www.langlais.com\/es\/?s={search_term_string}"},"query-input":{"@type":"PropertyValueSpecification","valueRequired":true,"valueName":"search_term_string"}}],"inLanguage":"es"},{"@type":"Organization","@id":"https:\/\/www.langlais.com\/es\/#organization","name":"Cabinet M\u1d49 Hugues Langlais Avocats en Immigration","url":"https:\/\/www.langlais.com\/es\/","logo":{"@type":"ImageObject","inLanguage":"es","@id":"https:\/\/www.langlais.com\/es\/#\/schema\/logo\/image\/","url":"https:\/\/www.langlais.com\/wp-content\/uploads\/2019\/05\/Cabinet-Me-Hugues-Langlais-logo-sq.jpg","contentUrl":"https:\/\/www.langlais.com\/wp-content\/uploads\/2019\/05\/Cabinet-Me-Hugues-Langlais-logo-sq.jpg","width":578,"height":578,"caption":"Cabinet M\u1d49 Hugues Langlais Avocats en Immigration"},"image":{"@id":"https:\/\/www.langlais.com\/es\/#\/schema\/logo\/image\/"},"sameAs":["https:\/\/www.facebook.com\/langlaisimmigration\/","https:\/\/x.com\/LanglaisLawFirm","https:\/\/www.linkedin.com\/in\/hugueslanglais4immigrationlaw\/","https:\/\/www.youtube.com\/channel\/UCBKNZKz80QxrR4P253Hmykw"]},{"@type":"Person","@id":"https:\/\/www.langlais.com\/es\/#\/schema\/person\/ebf1a44547429f0afb1602448d45c958","name":"Hugues","image":{"@type":"ImageObject","inLanguage":"es","@id":"https:\/\/secure.gravatar.com\/avatar\/a1df498cee01fc20b309dd5034cd0090e21ddb45e40bfc188827b63c6b847166?s=96&d=mm&r=g","url":"https:\/\/secure.gravatar.com\/avatar\/a1df498cee01fc20b309dd5034cd0090e21ddb45e40bfc188827b63c6b847166?s=96&d=mm&r=g","contentUrl":"https:\/\/secure.gravatar.com\/avatar\/a1df498cee01fc20b309dd5034cd0090e21ddb45e40bfc188827b63c6b847166?s=96&d=mm&r=g","caption":"Hugues"},"url":"https:\/\/www.langlais.com\/es\/author\/hugues\/"}]}},"_links":{"self":[{"href":"https:\/\/www.langlais.com\/es\/wp-json\/wp\/v2\/posts\/2126","targetHints":{"allow":["GET"]}}],"collection":[{"href":"https:\/\/www.langlais.com\/es\/wp-json\/wp\/v2\/posts"}],"about":[{"href":"https:\/\/www.langlais.com\/es\/wp-json\/wp\/v2\/types\/post"}],"author":[{"embeddable":true,"href":"https:\/\/www.langlais.com\/es\/wp-json\/wp\/v2\/users\/5"}],"replies":[{"embeddable":true,"href":"https:\/\/www.langlais.com\/es\/wp-json\/wp\/v2\/comments?post=2126"}],"version-history":[{"count":1,"href":"https:\/\/www.langlais.com\/es\/wp-json\/wp\/v2\/posts\/2126\/revisions"}],"predecessor-version":[{"id":3789,"href":"https:\/\/www.langlais.com\/es\/wp-json\/wp\/v2\/posts\/2126\/revisions\/3789"}],"wp:featuredmedia":[{"embeddable":true,"href":"https:\/\/www.langlais.com\/es\/wp-json\/wp\/v2\/media\/2364"}],"wp:attachment":[{"href":"https:\/\/www.langlais.com\/es\/wp-json\/wp\/v2\/media?parent=2126"}],"wp:term":[{"taxonomy":"category","embeddable":true,"href":"https:\/\/www.langlais.com\/es\/wp-json\/wp\/v2\/categories?post=2126"},{"taxonomy":"post_tag","embeddable":true,"href":"https:\/\/www.langlais.com\/es\/wp-json\/wp\/v2\/tags?post=2126"}],"curies":[{"name":"wp","href":"https:\/\/api.w.org\/{rel}","templated":true}]}}