{"id":3973,"date":"2020-02-19T15:30:24","date_gmt":"2020-02-19T19:30:24","guid":{"rendered":"https:\/\/www.langlais.com\/?p=3973"},"modified":"2020-02-19T16:48:25","modified_gmt":"2020-02-19T20:48:25","slug":"les-reves-brises-de-travailleurs-etrangers","status":"publish","type":"post","link":"https:\/\/www.langlais.com\/es\/les-reves-brises-de-travailleurs-etrangers\/","title":{"rendered":"Les r\u00eaves bris\u00e9s de travailleurs \u00e9trangers temporaires"},"content":{"rendered":"<p><a href=\"https:\/\/ici.radio-canada.ca\/nouvelle\/1496716\/immigration-ottawa-quebec-legault-travailleurs-temporaires-tunisie-colombie\"><img loading=\"lazy\" decoding=\"async\" class=\"alignright \" src=\"https:\/\/images.radio-canada.ca\/q_auto,w_1250\/v1\/ici-info\/16x9\/colombie-travailleurs-temporaires-andres-marenco.png\" alt=\"Les r\u00eaves bris\u00e9s de travailleurs \u00e9trangers, priv\u00e9s d\u2019emploi malgr\u00e9 d'importants besoins\" width=\"300\" height=\"169\" \/><\/a>Des travailleurs \u00e9trangers temporaires, recrut\u00e9s par des entreprises qu\u00e9b\u00e9coises, se retrouvent parfois sans emploi. Malgr\u00e9 de forts besoins, ils sont dans l\u2019impasse, \u00e0 cause de rigides r\u00e8gles f\u00e9d\u00e9rales.<\/p>\n<h2>ICI Radio-Canada Info<\/h2>\n<p><em>le 18 f\u00e9vrier, <a href=\"https:\/\/ici.radio-canada.ca\/nouvelle\/1496716\/immigration-ottawa-quebec-legault-travailleurs-temporaires-tunisie-colombie\">Romain Schu\u00e9, Jean-Philippe Robillard et Daniel Boily de ICI Radio-Canada<\/a> Info interviewaient <a href=\"https:\/\/www.langlais.com\/equipe-2\/me-hugues-langlais\/\">Me. Hugues Langlais<\/a> au sujet des travailleurs \u00e9trangers temporaires, priv\u00e9s d&#8217;emploi malgr\u00e9 d&#8217;importants besoins.<\/em><\/p>\n<p class=\"e-p\">Les r\u00e8gles entourant ce programme et ce visa de travail sont tr\u00e8s strictes. Durant la dur\u00e9e du permis, g\u00e9n\u00e9ralement de deux \u00e0 trois ans, l\u2019employ\u00e9\u00a0<q lang=\"fr\" data-attributes=\"{&quot;lang&quot;:{&quot;value&quot;:&quot;fr&quot;,&quot;label&quot;:&quot;Fran\u00e7ais&quot;},&quot;value&quot;:{&quot;html&quot;:&quot;est gel\u00e9 avec son employeur pour la dur\u00e9e du contrat convenu&quot;,&quot;text&quot;:&quot;est gel\u00e9 avec son employeur pour la dur\u00e9e du contrat convenu&quot;}}\"><span lang=\"fr\" title=\"Fran\u00e7ais\">est gel\u00e9 avec son employeur pour la dur\u00e9e du contrat convenu<\/span><\/q>, explique l\u2019avocat en immigration, Hugues Langlais.<\/p>\n<p class=\"e-p\">Dans les faits, un travailleur \u00e9tranger a pourtant\u00a0<q lang=\"fr\" data-attributes=\"{&quot;lang&quot;:{&quot;value&quot;:&quot;fr&quot;,&quot;label&quot;:&quot;Fran\u00e7ais&quot;},&quot;value&quot;:{&quot;html&quot;:&quot;le droit de chercher un autre emploi s\u2019il perd son emploi au Canada pendant qu\u2019il a toujours un statut temporaire valide&quot;,&quot;text&quot;:&quot;le droit de chercher un autre emploi s\u2019il perd son emploi au Canada pendant qu\u2019il a toujours un statut temporaire valide&quot;}}\"><span lang=\"fr\" title=\"Fran\u00e7ais\">le droit de chercher un autre emploi s\u2019il perd son emploi au Canada pendant qu\u2019il a toujours un statut temporaire valide<\/span><\/q>, nuance Immigration Canada, en pr\u00e9cisant que celui-ci doit n\u00e9anmoins obtenir \u00ab\u00a0un permis de travail\u00a0\u00bb avant de pouvoir commencer son nouvel emploi.<\/p>\n<p class=\"e-p\">Cependant, reprend Hugues Langlais,\u00a0<q lang=\"fr\" data-attributes=\"{&quot;lang&quot;:{&quot;value&quot;:&quot;fr&quot;,&quot;label&quot;:&quot;Fran\u00e7ais&quot;},&quot;value&quot;:{&quot;html&quot;:&quot;un autre employeur ne peut l\u2019embaucher directement, du jour au lendemain&quot;,&quot;text&quot;:&quot;un autre employeur ne peut l\u2019embaucher directement, du jour au lendemain&quot;}}\"><span lang=\"fr\" title=\"Fran\u00e7ais\">un autre employeur ne peut l\u2019embaucher directement, du jour au lendemain<\/span><\/q>.<\/p>\n<h2>ICI Radio-Canada T\u00e9l\u00e9<\/h2>\n<p>De plus,<a href=\"https:\/\/ici.radio-canada.ca\/tele\/le-telejournal-avec-celine-galipeau\/site\/episodes\/455394\/episode-du-18-fevrier-2020\"> Me Langlais \u00e9tait au T\u00e9l\u00e9journal avec Pascale Nadeau<\/a> pour le m\u00eame sujet le 18 f\u00e9vrier.<\/p>\n<p>Regardez l&#8217;extrait \u00e0 14 minutes 15 secondes ici. Voyez Me Langlais interview\u00e9 \u00e0 16 min 59 et \u00e0 17 min 23.<\/p>\n","protected":false},"excerpt":{"rendered":"<p>Des travailleurs \u00e9trangers temporaires, recrut\u00e9s par des entreprises qu\u00e9b\u00e9coises, se retrouvent parfois sans emploi. Malgr\u00e9 de forts besoins, ils sont dans l\u2019impasse, \u00e0 cause de rigides r\u00e8gles f\u00e9d\u00e9rales. ICI Radio-Canada Info le 18 f\u00e9vrier, Romain Schu\u00e9, Jean-Philippe Robillard et Daniel Boily de ICI Radio-Canada Info interviewaient Me. Hugues Langlais au sujet des travailleurs \u00e9trangers temporaires, priv\u00e9s d&#8217;emploi malgr\u00e9 d&#8217;importants besoins. Les r\u00e8gles entourant ce programme et ce visa de travail sont tr\u00e8s strictes. Durant la dur\u00e9e du permis, g\u00e9n\u00e9ralement de deux \u00e0 trois ans, l\u2019employ\u00e9\u00a0est gel\u00e9 avec son employeur pour la dur\u00e9e du contrat convenu, explique l\u2019avocat en immigration, Hugues&#8230;<\/p>\n","protected":false},"author":5,"featured_media":2074,"comment_status":"open","ping_status":"open","sticky":false,"template":"","format":"standard","meta":{"footnotes":""},"categories":[23,108],"tags":[],"class_list":["post-3973","post","type-post","status-publish","format-standard","has-post-thumbnail","hentry","category-dans-les-medias","category-immigration-2"],"yoast_head":"<!-- This site is optimized with the Yoast SEO plugin v27.4 - https:\/\/yoast.com\/product\/yoast-seo-wordpress\/ -->\n<title>Les r\u00eaves bris\u00e9s de travailleurs \u00e9trangers temporaires - Cabinet Langlais<\/title>\n<meta name=\"description\" content=\"Des travailleurs \u00e9trangers temporaires, recrut\u00e9s par des entreprises qu\u00e9b\u00e9coises, se retrouvent parfois sans emploi, \u00e0 cause de rigides r\u00e8gles f\u00e9d\u00e9rales.\" \/>\n<meta name=\"robots\" content=\"index, follow, max-snippet:-1, max-image-preview:large, max-video-preview:-1\" \/>\n<link rel=\"canonical\" href=\"https:\/\/www.langlais.com\/es\/les-reves-brises-de-travailleurs-etrangers\/\" \/>\n<meta property=\"og:locale\" content=\"es_ES\" \/>\n<meta property=\"og:type\" content=\"article\" \/>\n<meta property=\"og:title\" content=\"Les r\u00eaves bris\u00e9s de travailleurs \u00e9trangers temporaires - Cabinet Langlais\" \/>\n<meta property=\"og:description\" content=\"Des travailleurs \u00e9trangers temporaires, recrut\u00e9s par des entreprises qu\u00e9b\u00e9coises, se retrouvent parfois sans emploi, \u00e0 cause de rigides r\u00e8gles f\u00e9d\u00e9rales.\" \/>\n<meta property=\"og:url\" content=\"https:\/\/www.langlais.com\/es\/les-reves-brises-de-travailleurs-etrangers\/\" \/>\n<meta property=\"og:site_name\" content=\"Cabinet d&#039;avocats M\u1d49 Hugues Langlais\" \/>\n<meta property=\"article:publisher\" content=\"https:\/\/www.facebook.com\/langlaisimmigration\/\" \/>\n<meta property=\"article:published_time\" content=\"2020-02-19T19:30:24+00:00\" \/>\n<meta property=\"article:modified_time\" content=\"2020-02-19T20:48:25+00:00\" \/>\n<meta property=\"og:image\" content=\"https:\/\/www.langlais.com\/wp-content\/uploads\/2018\/09\/ici-radio-canada.jpg\" \/>\n\t<meta property=\"og:image:width\" content=\"640\" \/>\n\t<meta property=\"og:image:height\" content=\"427\" \/>\n\t<meta property=\"og:image:type\" content=\"image\/jpeg\" \/>\n<meta name=\"author\" content=\"Hugues\" \/>\n<meta name=\"twitter:card\" content=\"summary_large_image\" \/>\n<meta name=\"twitter:creator\" content=\"@LanglaisLawFirm\" \/>\n<meta name=\"twitter:site\" content=\"@LanglaisLawFirm\" \/>\n<meta name=\"twitter:label1\" content=\"Escrito por\" \/>\n\t<meta name=\"twitter:data1\" content=\"Hugues\" \/>\n\t<meta name=\"twitter:label2\" content=\"Tiempo de lectura\" \/>\n\t<meta name=\"twitter:data2\" content=\"1 minuto\" \/>\n<script type=\"application\/ld+json\" class=\"yoast-schema-graph\">{\"@context\":\"https:\\\/\\\/schema.org\",\"@graph\":[{\"@type\":\"Article\",\"@id\":\"https:\\\/\\\/www.langlais.com\\\/es\\\/les-reves-brises-de-travailleurs-etrangers\\\/#article\",\"isPartOf\":{\"@id\":\"https:\\\/\\\/www.langlais.com\\\/es\\\/les-reves-brises-de-travailleurs-etrangers\\\/\"},\"author\":{\"name\":\"Hugues\",\"@id\":\"https:\\\/\\\/www.langlais.com\\\/es\\\/#\\\/schema\\\/person\\\/ebf1a44547429f0afb1602448d45c958\"},\"headline\":\"Les r\u00eaves bris\u00e9s de travailleurs \u00e9trangers temporaires\",\"datePublished\":\"2020-02-19T19:30:24+00:00\",\"dateModified\":\"2020-02-19T20:48:25+00:00\",\"mainEntityOfPage\":{\"@id\":\"https:\\\/\\\/www.langlais.com\\\/es\\\/les-reves-brises-de-travailleurs-etrangers\\\/\"},\"wordCount\":234,\"commentCount\":0,\"publisher\":{\"@id\":\"https:\\\/\\\/www.langlais.com\\\/es\\\/#organization\"},\"image\":{\"@id\":\"https:\\\/\\\/www.langlais.com\\\/es\\\/les-reves-brises-de-travailleurs-etrangers\\\/#primaryimage\"},\"thumbnailUrl\":\"https:\\\/\\\/www.langlais.com\\\/wp-content\\\/uploads\\\/2018\\\/09\\\/ici-radio-canada.jpg\",\"articleSection\":[\"Dans les m\u00e9dias\",\"Immigration\"],\"inLanguage\":\"es\",\"potentialAction\":[{\"@type\":\"CommentAction\",\"name\":\"Comment\",\"target\":[\"https:\\\/\\\/www.langlais.com\\\/es\\\/les-reves-brises-de-travailleurs-etrangers\\\/#respond\"]}]},{\"@type\":\"WebPage\",\"@id\":\"https:\\\/\\\/www.langlais.com\\\/es\\\/les-reves-brises-de-travailleurs-etrangers\\\/\",\"url\":\"https:\\\/\\\/www.langlais.com\\\/es\\\/les-reves-brises-de-travailleurs-etrangers\\\/\",\"name\":\"Les r\u00eaves bris\u00e9s de travailleurs \u00e9trangers temporaires - Cabinet Langlais\",\"isPartOf\":{\"@id\":\"https:\\\/\\\/www.langlais.com\\\/es\\\/#website\"},\"primaryImageOfPage\":{\"@id\":\"https:\\\/\\\/www.langlais.com\\\/es\\\/les-reves-brises-de-travailleurs-etrangers\\\/#primaryimage\"},\"image\":{\"@id\":\"https:\\\/\\\/www.langlais.com\\\/es\\\/les-reves-brises-de-travailleurs-etrangers\\\/#primaryimage\"},\"thumbnailUrl\":\"https:\\\/\\\/www.langlais.com\\\/wp-content\\\/uploads\\\/2018\\\/09\\\/ici-radio-canada.jpg\",\"datePublished\":\"2020-02-19T19:30:24+00:00\",\"dateModified\":\"2020-02-19T20:48:25+00:00\",\"description\":\"Des travailleurs \u00e9trangers temporaires, recrut\u00e9s par des entreprises qu\u00e9b\u00e9coises, se retrouvent parfois sans emploi, \u00e0 cause de rigides r\u00e8gles f\u00e9d\u00e9rales.\",\"breadcrumb\":{\"@id\":\"https:\\\/\\\/www.langlais.com\\\/es\\\/les-reves-brises-de-travailleurs-etrangers\\\/#breadcrumb\"},\"inLanguage\":\"es\",\"potentialAction\":[{\"@type\":\"ReadAction\",\"target\":[\"https:\\\/\\\/www.langlais.com\\\/es\\\/les-reves-brises-de-travailleurs-etrangers\\\/\"]}]},{\"@type\":\"ImageObject\",\"inLanguage\":\"es\",\"@id\":\"https:\\\/\\\/www.langlais.com\\\/es\\\/les-reves-brises-de-travailleurs-etrangers\\\/#primaryimage\",\"url\":\"https:\\\/\\\/www.langlais.com\\\/wp-content\\\/uploads\\\/2018\\\/09\\\/ici-radio-canada.jpg\",\"contentUrl\":\"https:\\\/\\\/www.langlais.com\\\/wp-content\\\/uploads\\\/2018\\\/09\\\/ici-radio-canada.jpg\",\"width\":640,\"height\":427,\"caption\":\"Ici Radio-Canada\"},{\"@type\":\"BreadcrumbList\",\"@id\":\"https:\\\/\\\/www.langlais.com\\\/es\\\/les-reves-brises-de-travailleurs-etrangers\\\/#breadcrumb\",\"itemListElement\":[{\"@type\":\"ListItem\",\"position\":1,\"name\":\"Accueil\",\"item\":\"https:\\\/\\\/www.langlais.com\\\/es\\\/\"},{\"@type\":\"ListItem\",\"position\":2,\"name\":\"Les r\u00eaves bris\u00e9s de travailleurs \u00e9trangers temporaires\"}]},{\"@type\":\"WebSite\",\"@id\":\"https:\\\/\\\/www.langlais.com\\\/es\\\/#website\",\"url\":\"https:\\\/\\\/www.langlais.com\\\/es\\\/\",\"name\":\"Cabinet M\u1d49 Hugues Langlais Avocats en Immigration\",\"description\":\"\",\"publisher\":{\"@id\":\"https:\\\/\\\/www.langlais.com\\\/es\\\/#organization\"},\"potentialAction\":[{\"@type\":\"SearchAction\",\"target\":{\"@type\":\"EntryPoint\",\"urlTemplate\":\"https:\\\/\\\/www.langlais.com\\\/es\\\/?s={search_term_string}\"},\"query-input\":{\"@type\":\"PropertyValueSpecification\",\"valueRequired\":true,\"valueName\":\"search_term_string\"}}],\"inLanguage\":\"es\"},{\"@type\":\"Organization\",\"@id\":\"https:\\\/\\\/www.langlais.com\\\/es\\\/#organization\",\"name\":\"Cabinet M\u1d49 Hugues Langlais Avocats en Immigration\",\"url\":\"https:\\\/\\\/www.langlais.com\\\/es\\\/\",\"logo\":{\"@type\":\"ImageObject\",\"inLanguage\":\"es\",\"@id\":\"https:\\\/\\\/www.langlais.com\\\/es\\\/#\\\/schema\\\/logo\\\/image\\\/\",\"url\":\"https:\\\/\\\/www.langlais.com\\\/wp-content\\\/uploads\\\/2019\\\/05\\\/Cabinet-Me-Hugues-Langlais-logo-sq.jpg\",\"contentUrl\":\"https:\\\/\\\/www.langlais.com\\\/wp-content\\\/uploads\\\/2019\\\/05\\\/Cabinet-Me-Hugues-Langlais-logo-sq.jpg\",\"width\":578,\"height\":578,\"caption\":\"Cabinet M\u1d49 Hugues Langlais Avocats en Immigration\"},\"image\":{\"@id\":\"https:\\\/\\\/www.langlais.com\\\/es\\\/#\\\/schema\\\/logo\\\/image\\\/\"},\"sameAs\":[\"https:\\\/\\\/www.facebook.com\\\/langlaisimmigration\\\/\",\"https:\\\/\\\/x.com\\\/LanglaisLawFirm\",\"https:\\\/\\\/www.linkedin.com\\\/in\\\/hugueslanglais4immigrationlaw\\\/\",\"https:\\\/\\\/www.youtube.com\\\/channel\\\/UCBKNZKz80QxrR4P253Hmykw\"]},{\"@type\":\"Person\",\"@id\":\"https:\\\/\\\/www.langlais.com\\\/es\\\/#\\\/schema\\\/person\\\/ebf1a44547429f0afb1602448d45c958\",\"name\":\"Hugues\",\"image\":{\"@type\":\"ImageObject\",\"inLanguage\":\"es\",\"@id\":\"https:\\\/\\\/secure.gravatar.com\\\/avatar\\\/a1df498cee01fc20b309dd5034cd0090e21ddb45e40bfc188827b63c6b847166?s=96&d=mm&r=g\",\"url\":\"https:\\\/\\\/secure.gravatar.com\\\/avatar\\\/a1df498cee01fc20b309dd5034cd0090e21ddb45e40bfc188827b63c6b847166?s=96&d=mm&r=g\",\"contentUrl\":\"https:\\\/\\\/secure.gravatar.com\\\/avatar\\\/a1df498cee01fc20b309dd5034cd0090e21ddb45e40bfc188827b63c6b847166?s=96&d=mm&r=g\",\"caption\":\"Hugues\"},\"url\":\"https:\\\/\\\/www.langlais.com\\\/es\\\/author\\\/hugues\\\/\"}]}<\/script>\n<!-- \/ Yoast SEO plugin. -->","yoast_head_json":{"title":"Les r\u00eaves bris\u00e9s de travailleurs \u00e9trangers temporaires - Cabinet Langlais","description":"Des travailleurs \u00e9trangers temporaires, recrut\u00e9s par des entreprises qu\u00e9b\u00e9coises, se retrouvent parfois sans emploi, \u00e0 cause de rigides r\u00e8gles f\u00e9d\u00e9rales.","robots":{"index":"index","follow":"follow","max-snippet":"max-snippet:-1","max-image-preview":"max-image-preview:large","max-video-preview":"max-video-preview:-1"},"canonical":"https:\/\/www.langlais.com\/es\/les-reves-brises-de-travailleurs-etrangers\/","og_locale":"es_ES","og_type":"article","og_title":"Les r\u00eaves bris\u00e9s de travailleurs \u00e9trangers temporaires - Cabinet Langlais","og_description":"Des travailleurs \u00e9trangers temporaires, recrut\u00e9s par des entreprises qu\u00e9b\u00e9coises, se retrouvent parfois sans emploi, \u00e0 cause de rigides r\u00e8gles f\u00e9d\u00e9rales.","og_url":"https:\/\/www.langlais.com\/es\/les-reves-brises-de-travailleurs-etrangers\/","og_site_name":"Cabinet d&#039;avocats M\u1d49 Hugues Langlais","article_publisher":"https:\/\/www.facebook.com\/langlaisimmigration\/","article_published_time":"2020-02-19T19:30:24+00:00","article_modified_time":"2020-02-19T20:48:25+00:00","og_image":[{"width":640,"height":427,"url":"https:\/\/www.langlais.com\/wp-content\/uploads\/2018\/09\/ici-radio-canada.jpg","type":"image\/jpeg"}],"author":"Hugues","twitter_card":"summary_large_image","twitter_creator":"@LanglaisLawFirm","twitter_site":"@LanglaisLawFirm","twitter_misc":{"Escrito por":"Hugues","Tiempo de lectura":"1 minuto"},"schema":{"@context":"https:\/\/schema.org","@graph":[{"@type":"Article","@id":"https:\/\/www.langlais.com\/es\/les-reves-brises-de-travailleurs-etrangers\/#article","isPartOf":{"@id":"https:\/\/www.langlais.com\/es\/les-reves-brises-de-travailleurs-etrangers\/"},"author":{"name":"Hugues","@id":"https:\/\/www.langlais.com\/es\/#\/schema\/person\/ebf1a44547429f0afb1602448d45c958"},"headline":"Les r\u00eaves bris\u00e9s de travailleurs \u00e9trangers temporaires","datePublished":"2020-02-19T19:30:24+00:00","dateModified":"2020-02-19T20:48:25+00:00","mainEntityOfPage":{"@id":"https:\/\/www.langlais.com\/es\/les-reves-brises-de-travailleurs-etrangers\/"},"wordCount":234,"commentCount":0,"publisher":{"@id":"https:\/\/www.langlais.com\/es\/#organization"},"image":{"@id":"https:\/\/www.langlais.com\/es\/les-reves-brises-de-travailleurs-etrangers\/#primaryimage"},"thumbnailUrl":"https:\/\/www.langlais.com\/wp-content\/uploads\/2018\/09\/ici-radio-canada.jpg","articleSection":["Dans les m\u00e9dias","Immigration"],"inLanguage":"es","potentialAction":[{"@type":"CommentAction","name":"Comment","target":["https:\/\/www.langlais.com\/es\/les-reves-brises-de-travailleurs-etrangers\/#respond"]}]},{"@type":"WebPage","@id":"https:\/\/www.langlais.com\/es\/les-reves-brises-de-travailleurs-etrangers\/","url":"https:\/\/www.langlais.com\/es\/les-reves-brises-de-travailleurs-etrangers\/","name":"Les r\u00eaves bris\u00e9s de travailleurs \u00e9trangers temporaires - Cabinet Langlais","isPartOf":{"@id":"https:\/\/www.langlais.com\/es\/#website"},"primaryImageOfPage":{"@id":"https:\/\/www.langlais.com\/es\/les-reves-brises-de-travailleurs-etrangers\/#primaryimage"},"image":{"@id":"https:\/\/www.langlais.com\/es\/les-reves-brises-de-travailleurs-etrangers\/#primaryimage"},"thumbnailUrl":"https:\/\/www.langlais.com\/wp-content\/uploads\/2018\/09\/ici-radio-canada.jpg","datePublished":"2020-02-19T19:30:24+00:00","dateModified":"2020-02-19T20:48:25+00:00","description":"Des travailleurs \u00e9trangers temporaires, recrut\u00e9s par des entreprises qu\u00e9b\u00e9coises, se retrouvent parfois sans emploi, \u00e0 cause de rigides r\u00e8gles f\u00e9d\u00e9rales.","breadcrumb":{"@id":"https:\/\/www.langlais.com\/es\/les-reves-brises-de-travailleurs-etrangers\/#breadcrumb"},"inLanguage":"es","potentialAction":[{"@type":"ReadAction","target":["https:\/\/www.langlais.com\/es\/les-reves-brises-de-travailleurs-etrangers\/"]}]},{"@type":"ImageObject","inLanguage":"es","@id":"https:\/\/www.langlais.com\/es\/les-reves-brises-de-travailleurs-etrangers\/#primaryimage","url":"https:\/\/www.langlais.com\/wp-content\/uploads\/2018\/09\/ici-radio-canada.jpg","contentUrl":"https:\/\/www.langlais.com\/wp-content\/uploads\/2018\/09\/ici-radio-canada.jpg","width":640,"height":427,"caption":"Ici Radio-Canada"},{"@type":"BreadcrumbList","@id":"https:\/\/www.langlais.com\/es\/les-reves-brises-de-travailleurs-etrangers\/#breadcrumb","itemListElement":[{"@type":"ListItem","position":1,"name":"Accueil","item":"https:\/\/www.langlais.com\/es\/"},{"@type":"ListItem","position":2,"name":"Les r\u00eaves bris\u00e9s de travailleurs \u00e9trangers temporaires"}]},{"@type":"WebSite","@id":"https:\/\/www.langlais.com\/es\/#website","url":"https:\/\/www.langlais.com\/es\/","name":"Cabinet M\u1d49 Hugues Langlais Avocats en Immigration","description":"","publisher":{"@id":"https:\/\/www.langlais.com\/es\/#organization"},"potentialAction":[{"@type":"SearchAction","target":{"@type":"EntryPoint","urlTemplate":"https:\/\/www.langlais.com\/es\/?s={search_term_string}"},"query-input":{"@type":"PropertyValueSpecification","valueRequired":true,"valueName":"search_term_string"}}],"inLanguage":"es"},{"@type":"Organization","@id":"https:\/\/www.langlais.com\/es\/#organization","name":"Cabinet M\u1d49 Hugues Langlais Avocats en Immigration","url":"https:\/\/www.langlais.com\/es\/","logo":{"@type":"ImageObject","inLanguage":"es","@id":"https:\/\/www.langlais.com\/es\/#\/schema\/logo\/image\/","url":"https:\/\/www.langlais.com\/wp-content\/uploads\/2019\/05\/Cabinet-Me-Hugues-Langlais-logo-sq.jpg","contentUrl":"https:\/\/www.langlais.com\/wp-content\/uploads\/2019\/05\/Cabinet-Me-Hugues-Langlais-logo-sq.jpg","width":578,"height":578,"caption":"Cabinet M\u1d49 Hugues Langlais Avocats en Immigration"},"image":{"@id":"https:\/\/www.langlais.com\/es\/#\/schema\/logo\/image\/"},"sameAs":["https:\/\/www.facebook.com\/langlaisimmigration\/","https:\/\/x.com\/LanglaisLawFirm","https:\/\/www.linkedin.com\/in\/hugueslanglais4immigrationlaw\/","https:\/\/www.youtube.com\/channel\/UCBKNZKz80QxrR4P253Hmykw"]},{"@type":"Person","@id":"https:\/\/www.langlais.com\/es\/#\/schema\/person\/ebf1a44547429f0afb1602448d45c958","name":"Hugues","image":{"@type":"ImageObject","inLanguage":"es","@id":"https:\/\/secure.gravatar.com\/avatar\/a1df498cee01fc20b309dd5034cd0090e21ddb45e40bfc188827b63c6b847166?s=96&d=mm&r=g","url":"https:\/\/secure.gravatar.com\/avatar\/a1df498cee01fc20b309dd5034cd0090e21ddb45e40bfc188827b63c6b847166?s=96&d=mm&r=g","contentUrl":"https:\/\/secure.gravatar.com\/avatar\/a1df498cee01fc20b309dd5034cd0090e21ddb45e40bfc188827b63c6b847166?s=96&d=mm&r=g","caption":"Hugues"},"url":"https:\/\/www.langlais.com\/es\/author\/hugues\/"}]}},"_links":{"self":[{"href":"https:\/\/www.langlais.com\/es\/wp-json\/wp\/v2\/posts\/3973","targetHints":{"allow":["GET"]}}],"collection":[{"href":"https:\/\/www.langlais.com\/es\/wp-json\/wp\/v2\/posts"}],"about":[{"href":"https:\/\/www.langlais.com\/es\/wp-json\/wp\/v2\/types\/post"}],"author":[{"embeddable":true,"href":"https:\/\/www.langlais.com\/es\/wp-json\/wp\/v2\/users\/5"}],"replies":[{"embeddable":true,"href":"https:\/\/www.langlais.com\/es\/wp-json\/wp\/v2\/comments?post=3973"}],"version-history":[{"count":1,"href":"https:\/\/www.langlais.com\/es\/wp-json\/wp\/v2\/posts\/3973\/revisions"}],"predecessor-version":[{"id":3974,"href":"https:\/\/www.langlais.com\/es\/wp-json\/wp\/v2\/posts\/3973\/revisions\/3974"}],"wp:featuredmedia":[{"embeddable":true,"href":"https:\/\/www.langlais.com\/es\/wp-json\/wp\/v2\/media\/2074"}],"wp:attachment":[{"href":"https:\/\/www.langlais.com\/es\/wp-json\/wp\/v2\/media?parent=3973"}],"wp:term":[{"taxonomy":"category","embeddable":true,"href":"https:\/\/www.langlais.com\/es\/wp-json\/wp\/v2\/categories?post=3973"},{"taxonomy":"post_tag","embeddable":true,"href":"https:\/\/www.langlais.com\/es\/wp-json\/wp\/v2\/tags?post=3973"}],"curies":[{"name":"wp","href":"https:\/\/api.w.org\/{rel}","templated":true}]}}