{"id":4070,"date":"2020-07-27T09:26:33","date_gmt":"2020-07-27T13:26:33","guid":{"rendered":"https:\/\/www.langlais.com\/?p=4070"},"modified":"2020-10-13T10:45:03","modified_gmt":"2020-10-13T14:45:03","slug":"dire-merci-aux-travailleurs-de-premiere-ligne","status":"publish","type":"post","link":"https:\/\/www.langlais.com\/es\/dire-merci-aux-travailleurs-de-premiere-ligne\/","title":{"rendered":"Dire merci aux travailleurs de premi\u00e8re ligne"},"content":{"rendered":"<p><strong><img loading=\"lazy\" decoding=\"async\" class=\"alignright \" src=\"https:\/\/mobile-img.lpcdn.ca\/lpca\/924x\/r3996\/26a34357-cdf5-11ea-b8ad-02fe89184577.jpg\" alt=\"Dire merci aux travailleurs de premi\u00e8re ligne\" width=\"302\" height=\"201\" \/>Dire merci aux travailleurs de premi\u00e8re ligne<\/strong>, article paru dans La Presse le 25 juillet dernier.<\/p>\n<p>Le message du premier ministre Fran\u00e7ois Legault \u00e9tait pourtant clair le 25 mai dernier ! Les gouvernements f\u00e9d\u00e9ral et provincial voulaient d\u00e9montrer leur reconnaissance \u00e0 l\u2019\u00e9gard des personnes en attente de r\u00e9gularisation de leur statut migratoire et ayant travaill\u00e9 sans rel\u00e2che sur la ligne de front pendant la pand\u00e9mie.<\/p>\n<p>Me. Hugues Langlais fait parti de nombreux signataire de ce document.<\/p>\n<p>En ayant r\u00e9pondu \u00e0 l\u2019appel, ces derni\u00e8res ont d\u00e9j\u00e0 prouv\u00e9 qu\u2019elles peuvent contribuer de mani\u00e8re positive \u00e0 notre soci\u00e9t\u00e9 et que nous serions les v\u00e9ritables perdants de les voir oblig\u00e9s de retourner dans leur pays. C\u2019est maintenant \u00e0 notre tour d\u2019en faire autant, sans quoi le vide laiss\u00e9 par le d\u00e9part de ces travailleurs \u00e0 statut pr\u00e9caire risque de se traduire par la possibilit\u00e9 d\u2019une crise double qui n\u2019aurait pour effet que de fragiliser une soci\u00e9t\u00e9 d\u00e9j\u00e0 \u00e0 bout de souffle.<\/p>\n<p>Lisez la suite sur <a href=\"https:\/\/www.lapresse.ca\/debats\/opinions\/2020-07-25\/dire-merci-aux-travailleurs-de-premiere-ligne.php\">La Presse<\/a>.<\/p>\n","protected":false},"excerpt":{"rendered":"<p>Dire merci aux travailleurs de premi\u00e8re ligne, article paru dans La Presse le 25 juillet dernier. Le message du premier ministre Fran\u00e7ois Legault \u00e9tait pourtant clair le 25 mai dernier ! Les gouvernements f\u00e9d\u00e9ral et provincial voulaient d\u00e9montrer leur reconnaissance \u00e0 l\u2019\u00e9gard des personnes en attente de r\u00e9gularisation de leur statut migratoire et ayant travaill\u00e9 sans rel\u00e2che sur la ligne de front pendant la pand\u00e9mie. Me. Hugues Langlais fait parti de nombreux signataire de ce document. En ayant r\u00e9pondu \u00e0 l\u2019appel, ces derni\u00e8res ont d\u00e9j\u00e0 prouv\u00e9 qu\u2019elles peuvent contribuer de mani\u00e8re positive \u00e0 notre soci\u00e9t\u00e9 et que nous serions les&#8230;<\/p>\n","protected":false},"author":5,"featured_media":3410,"comment_status":"open","ping_status":"open","sticky":false,"template":"","format":"standard","meta":{"footnotes":""},"categories":[23],"tags":[],"class_list":["post-4070","post","type-post","status-publish","format-standard","has-post-thumbnail","hentry","category-dans-les-medias"],"yoast_head":"<!-- This site is optimized with the Yoast SEO plugin v27.4 - https:\/\/yoast.com\/product\/yoast-seo-wordpress\/ -->\n<title>Dire merci aux travailleurs de premi\u00e8re ligne - Cabinet d&#039;avocats M\u1d49 Hugues Langlais<\/title>\n<meta name=\"description\" content=\"Dire merci aux travailleurs de premi\u00e8re ligne, article paru dans La Presse le 25 juillet dernier.\" \/>\n<meta name=\"robots\" content=\"index, follow, max-snippet:-1, max-image-preview:large, max-video-preview:-1\" \/>\n<link rel=\"canonical\" href=\"https:\/\/www.langlais.com\/es\/dire-merci-aux-travailleurs-de-premiere-ligne\/\" \/>\n<meta property=\"og:locale\" content=\"es_ES\" \/>\n<meta property=\"og:type\" content=\"article\" \/>\n<meta property=\"og:title\" content=\"Dire merci aux travailleurs de premi\u00e8re ligne - Cabinet d&#039;avocats M\u1d49 Hugues Langlais\" \/>\n<meta property=\"og:description\" content=\"Dire merci aux travailleurs de premi\u00e8re ligne, article paru dans La Presse le 25 juillet dernier.\" \/>\n<meta property=\"og:url\" content=\"https:\/\/www.langlais.com\/es\/dire-merci-aux-travailleurs-de-premiere-ligne\/\" \/>\n<meta property=\"og:site_name\" content=\"Cabinet d&#039;avocats M\u1d49 Hugues Langlais\" \/>\n<meta property=\"article:publisher\" content=\"https:\/\/www.facebook.com\/langlaisimmigration\/\" \/>\n<meta property=\"article:published_time\" content=\"2020-07-27T13:26:33+00:00\" \/>\n<meta property=\"article:modified_time\" content=\"2020-10-13T14:45:03+00:00\" \/>\n<meta property=\"og:image\" content=\"https:\/\/www.langlais.com\/wp-content\/uploads\/2019\/06\/La_Presse-300.png\" \/>\n\t<meta property=\"og:image:width\" content=\"300\" \/>\n\t<meta property=\"og:image:height\" content=\"300\" \/>\n\t<meta property=\"og:image:type\" content=\"image\/png\" \/>\n<meta name=\"author\" content=\"Hugues\" \/>\n<meta name=\"twitter:card\" content=\"summary_large_image\" \/>\n<meta name=\"twitter:creator\" content=\"@LanglaisLawFirm\" \/>\n<meta name=\"twitter:site\" content=\"@LanglaisLawFirm\" \/>\n<meta name=\"twitter:label1\" content=\"Escrito por\" \/>\n\t<meta name=\"twitter:data1\" content=\"Hugues\" \/>\n\t<meta name=\"twitter:label2\" content=\"Tiempo de lectura\" \/>\n\t<meta name=\"twitter:data2\" content=\"1 minuto\" \/>\n<script type=\"application\/ld+json\" class=\"yoast-schema-graph\">{\"@context\":\"https:\\\/\\\/schema.org\",\"@graph\":[{\"@type\":\"Article\",\"@id\":\"https:\\\/\\\/www.langlais.com\\\/es\\\/dire-merci-aux-travailleurs-de-premiere-ligne\\\/#article\",\"isPartOf\":{\"@id\":\"https:\\\/\\\/www.langlais.com\\\/es\\\/dire-merci-aux-travailleurs-de-premiere-ligne\\\/\"},\"author\":{\"name\":\"Hugues\",\"@id\":\"https:\\\/\\\/www.langlais.com\\\/es\\\/#\\\/schema\\\/person\\\/ebf1a44547429f0afb1602448d45c958\"},\"headline\":\"Dire merci aux travailleurs de premi\u00e8re ligne\",\"datePublished\":\"2020-07-27T13:26:33+00:00\",\"dateModified\":\"2020-10-13T14:45:03+00:00\",\"mainEntityOfPage\":{\"@id\":\"https:\\\/\\\/www.langlais.com\\\/es\\\/dire-merci-aux-travailleurs-de-premiere-ligne\\\/\"},\"wordCount\":188,\"commentCount\":0,\"publisher\":{\"@id\":\"https:\\\/\\\/www.langlais.com\\\/es\\\/#organization\"},\"image\":{\"@id\":\"https:\\\/\\\/www.langlais.com\\\/es\\\/dire-merci-aux-travailleurs-de-premiere-ligne\\\/#primaryimage\"},\"thumbnailUrl\":\"https:\\\/\\\/www.langlais.com\\\/wp-content\\\/uploads\\\/2019\\\/06\\\/La_Presse-300.png\",\"articleSection\":[\"Dans les m\u00e9dias\"],\"inLanguage\":\"es\",\"potentialAction\":[{\"@type\":\"CommentAction\",\"name\":\"Comment\",\"target\":[\"https:\\\/\\\/www.langlais.com\\\/es\\\/dire-merci-aux-travailleurs-de-premiere-ligne\\\/#respond\"]}]},{\"@type\":\"WebPage\",\"@id\":\"https:\\\/\\\/www.langlais.com\\\/es\\\/dire-merci-aux-travailleurs-de-premiere-ligne\\\/\",\"url\":\"https:\\\/\\\/www.langlais.com\\\/es\\\/dire-merci-aux-travailleurs-de-premiere-ligne\\\/\",\"name\":\"Dire merci aux travailleurs de premi\u00e8re ligne - Cabinet d&#039;avocats M\u1d49 Hugues Langlais\",\"isPartOf\":{\"@id\":\"https:\\\/\\\/www.langlais.com\\\/es\\\/#website\"},\"primaryImageOfPage\":{\"@id\":\"https:\\\/\\\/www.langlais.com\\\/es\\\/dire-merci-aux-travailleurs-de-premiere-ligne\\\/#primaryimage\"},\"image\":{\"@id\":\"https:\\\/\\\/www.langlais.com\\\/es\\\/dire-merci-aux-travailleurs-de-premiere-ligne\\\/#primaryimage\"},\"thumbnailUrl\":\"https:\\\/\\\/www.langlais.com\\\/wp-content\\\/uploads\\\/2019\\\/06\\\/La_Presse-300.png\",\"datePublished\":\"2020-07-27T13:26:33+00:00\",\"dateModified\":\"2020-10-13T14:45:03+00:00\",\"description\":\"Dire merci aux travailleurs de premi\u00e8re ligne, article paru dans La Presse le 25 juillet dernier.\",\"breadcrumb\":{\"@id\":\"https:\\\/\\\/www.langlais.com\\\/es\\\/dire-merci-aux-travailleurs-de-premiere-ligne\\\/#breadcrumb\"},\"inLanguage\":\"es\",\"potentialAction\":[{\"@type\":\"ReadAction\",\"target\":[\"https:\\\/\\\/www.langlais.com\\\/es\\\/dire-merci-aux-travailleurs-de-premiere-ligne\\\/\"]}]},{\"@type\":\"ImageObject\",\"inLanguage\":\"es\",\"@id\":\"https:\\\/\\\/www.langlais.com\\\/es\\\/dire-merci-aux-travailleurs-de-premiere-ligne\\\/#primaryimage\",\"url\":\"https:\\\/\\\/www.langlais.com\\\/wp-content\\\/uploads\\\/2019\\\/06\\\/La_Presse-300.png\",\"contentUrl\":\"https:\\\/\\\/www.langlais.com\\\/wp-content\\\/uploads\\\/2019\\\/06\\\/La_Presse-300.png\",\"width\":300,\"height\":300,\"caption\":\"La Presse\"},{\"@type\":\"BreadcrumbList\",\"@id\":\"https:\\\/\\\/www.langlais.com\\\/es\\\/dire-merci-aux-travailleurs-de-premiere-ligne\\\/#breadcrumb\",\"itemListElement\":[{\"@type\":\"ListItem\",\"position\":1,\"name\":\"Accueil\",\"item\":\"https:\\\/\\\/www.langlais.com\\\/es\\\/\"},{\"@type\":\"ListItem\",\"position\":2,\"name\":\"Dire merci aux travailleurs de premi\u00e8re ligne\"}]},{\"@type\":\"WebSite\",\"@id\":\"https:\\\/\\\/www.langlais.com\\\/es\\\/#website\",\"url\":\"https:\\\/\\\/www.langlais.com\\\/es\\\/\",\"name\":\"Cabinet M\u1d49 Hugues Langlais Avocats en Immigration\",\"description\":\"\",\"publisher\":{\"@id\":\"https:\\\/\\\/www.langlais.com\\\/es\\\/#organization\"},\"potentialAction\":[{\"@type\":\"SearchAction\",\"target\":{\"@type\":\"EntryPoint\",\"urlTemplate\":\"https:\\\/\\\/www.langlais.com\\\/es\\\/?s={search_term_string}\"},\"query-input\":{\"@type\":\"PropertyValueSpecification\",\"valueRequired\":true,\"valueName\":\"search_term_string\"}}],\"inLanguage\":\"es\"},{\"@type\":\"Organization\",\"@id\":\"https:\\\/\\\/www.langlais.com\\\/es\\\/#organization\",\"name\":\"Cabinet M\u1d49 Hugues Langlais Avocats en Immigration\",\"url\":\"https:\\\/\\\/www.langlais.com\\\/es\\\/\",\"logo\":{\"@type\":\"ImageObject\",\"inLanguage\":\"es\",\"@id\":\"https:\\\/\\\/www.langlais.com\\\/es\\\/#\\\/schema\\\/logo\\\/image\\\/\",\"url\":\"https:\\\/\\\/www.langlais.com\\\/wp-content\\\/uploads\\\/2019\\\/05\\\/Cabinet-Me-Hugues-Langlais-logo-sq.jpg\",\"contentUrl\":\"https:\\\/\\\/www.langlais.com\\\/wp-content\\\/uploads\\\/2019\\\/05\\\/Cabinet-Me-Hugues-Langlais-logo-sq.jpg\",\"width\":578,\"height\":578,\"caption\":\"Cabinet M\u1d49 Hugues Langlais Avocats en Immigration\"},\"image\":{\"@id\":\"https:\\\/\\\/www.langlais.com\\\/es\\\/#\\\/schema\\\/logo\\\/image\\\/\"},\"sameAs\":[\"https:\\\/\\\/www.facebook.com\\\/langlaisimmigration\\\/\",\"https:\\\/\\\/x.com\\\/LanglaisLawFirm\",\"https:\\\/\\\/www.linkedin.com\\\/in\\\/hugueslanglais4immigrationlaw\\\/\",\"https:\\\/\\\/www.youtube.com\\\/channel\\\/UCBKNZKz80QxrR4P253Hmykw\"]},{\"@type\":\"Person\",\"@id\":\"https:\\\/\\\/www.langlais.com\\\/es\\\/#\\\/schema\\\/person\\\/ebf1a44547429f0afb1602448d45c958\",\"name\":\"Hugues\",\"image\":{\"@type\":\"ImageObject\",\"inLanguage\":\"es\",\"@id\":\"https:\\\/\\\/secure.gravatar.com\\\/avatar\\\/a1df498cee01fc20b309dd5034cd0090e21ddb45e40bfc188827b63c6b847166?s=96&d=mm&r=g\",\"url\":\"https:\\\/\\\/secure.gravatar.com\\\/avatar\\\/a1df498cee01fc20b309dd5034cd0090e21ddb45e40bfc188827b63c6b847166?s=96&d=mm&r=g\",\"contentUrl\":\"https:\\\/\\\/secure.gravatar.com\\\/avatar\\\/a1df498cee01fc20b309dd5034cd0090e21ddb45e40bfc188827b63c6b847166?s=96&d=mm&r=g\",\"caption\":\"Hugues\"},\"url\":\"https:\\\/\\\/www.langlais.com\\\/es\\\/author\\\/hugues\\\/\"}]}<\/script>\n<!-- \/ Yoast SEO plugin. -->","yoast_head_json":{"title":"Dire merci aux travailleurs de premi\u00e8re ligne - Cabinet d&#039;avocats M\u1d49 Hugues Langlais","description":"Dire merci aux travailleurs de premi\u00e8re ligne, article paru dans La Presse le 25 juillet dernier.","robots":{"index":"index","follow":"follow","max-snippet":"max-snippet:-1","max-image-preview":"max-image-preview:large","max-video-preview":"max-video-preview:-1"},"canonical":"https:\/\/www.langlais.com\/es\/dire-merci-aux-travailleurs-de-premiere-ligne\/","og_locale":"es_ES","og_type":"article","og_title":"Dire merci aux travailleurs de premi\u00e8re ligne - Cabinet d&#039;avocats M\u1d49 Hugues Langlais","og_description":"Dire merci aux travailleurs de premi\u00e8re ligne, article paru dans La Presse le 25 juillet dernier.","og_url":"https:\/\/www.langlais.com\/es\/dire-merci-aux-travailleurs-de-premiere-ligne\/","og_site_name":"Cabinet d&#039;avocats M\u1d49 Hugues Langlais","article_publisher":"https:\/\/www.facebook.com\/langlaisimmigration\/","article_published_time":"2020-07-27T13:26:33+00:00","article_modified_time":"2020-10-13T14:45:03+00:00","og_image":[{"width":300,"height":300,"url":"https:\/\/www.langlais.com\/wp-content\/uploads\/2019\/06\/La_Presse-300.png","type":"image\/png"}],"author":"Hugues","twitter_card":"summary_large_image","twitter_creator":"@LanglaisLawFirm","twitter_site":"@LanglaisLawFirm","twitter_misc":{"Escrito por":"Hugues","Tiempo de lectura":"1 minuto"},"schema":{"@context":"https:\/\/schema.org","@graph":[{"@type":"Article","@id":"https:\/\/www.langlais.com\/es\/dire-merci-aux-travailleurs-de-premiere-ligne\/#article","isPartOf":{"@id":"https:\/\/www.langlais.com\/es\/dire-merci-aux-travailleurs-de-premiere-ligne\/"},"author":{"name":"Hugues","@id":"https:\/\/www.langlais.com\/es\/#\/schema\/person\/ebf1a44547429f0afb1602448d45c958"},"headline":"Dire merci aux travailleurs de premi\u00e8re ligne","datePublished":"2020-07-27T13:26:33+00:00","dateModified":"2020-10-13T14:45:03+00:00","mainEntityOfPage":{"@id":"https:\/\/www.langlais.com\/es\/dire-merci-aux-travailleurs-de-premiere-ligne\/"},"wordCount":188,"commentCount":0,"publisher":{"@id":"https:\/\/www.langlais.com\/es\/#organization"},"image":{"@id":"https:\/\/www.langlais.com\/es\/dire-merci-aux-travailleurs-de-premiere-ligne\/#primaryimage"},"thumbnailUrl":"https:\/\/www.langlais.com\/wp-content\/uploads\/2019\/06\/La_Presse-300.png","articleSection":["Dans les m\u00e9dias"],"inLanguage":"es","potentialAction":[{"@type":"CommentAction","name":"Comment","target":["https:\/\/www.langlais.com\/es\/dire-merci-aux-travailleurs-de-premiere-ligne\/#respond"]}]},{"@type":"WebPage","@id":"https:\/\/www.langlais.com\/es\/dire-merci-aux-travailleurs-de-premiere-ligne\/","url":"https:\/\/www.langlais.com\/es\/dire-merci-aux-travailleurs-de-premiere-ligne\/","name":"Dire merci aux travailleurs de premi\u00e8re ligne - Cabinet d&#039;avocats M\u1d49 Hugues Langlais","isPartOf":{"@id":"https:\/\/www.langlais.com\/es\/#website"},"primaryImageOfPage":{"@id":"https:\/\/www.langlais.com\/es\/dire-merci-aux-travailleurs-de-premiere-ligne\/#primaryimage"},"image":{"@id":"https:\/\/www.langlais.com\/es\/dire-merci-aux-travailleurs-de-premiere-ligne\/#primaryimage"},"thumbnailUrl":"https:\/\/www.langlais.com\/wp-content\/uploads\/2019\/06\/La_Presse-300.png","datePublished":"2020-07-27T13:26:33+00:00","dateModified":"2020-10-13T14:45:03+00:00","description":"Dire merci aux travailleurs de premi\u00e8re ligne, article paru dans La Presse le 25 juillet dernier.","breadcrumb":{"@id":"https:\/\/www.langlais.com\/es\/dire-merci-aux-travailleurs-de-premiere-ligne\/#breadcrumb"},"inLanguage":"es","potentialAction":[{"@type":"ReadAction","target":["https:\/\/www.langlais.com\/es\/dire-merci-aux-travailleurs-de-premiere-ligne\/"]}]},{"@type":"ImageObject","inLanguage":"es","@id":"https:\/\/www.langlais.com\/es\/dire-merci-aux-travailleurs-de-premiere-ligne\/#primaryimage","url":"https:\/\/www.langlais.com\/wp-content\/uploads\/2019\/06\/La_Presse-300.png","contentUrl":"https:\/\/www.langlais.com\/wp-content\/uploads\/2019\/06\/La_Presse-300.png","width":300,"height":300,"caption":"La Presse"},{"@type":"BreadcrumbList","@id":"https:\/\/www.langlais.com\/es\/dire-merci-aux-travailleurs-de-premiere-ligne\/#breadcrumb","itemListElement":[{"@type":"ListItem","position":1,"name":"Accueil","item":"https:\/\/www.langlais.com\/es\/"},{"@type":"ListItem","position":2,"name":"Dire merci aux travailleurs de premi\u00e8re ligne"}]},{"@type":"WebSite","@id":"https:\/\/www.langlais.com\/es\/#website","url":"https:\/\/www.langlais.com\/es\/","name":"Cabinet M\u1d49 Hugues Langlais Avocats en Immigration","description":"","publisher":{"@id":"https:\/\/www.langlais.com\/es\/#organization"},"potentialAction":[{"@type":"SearchAction","target":{"@type":"EntryPoint","urlTemplate":"https:\/\/www.langlais.com\/es\/?s={search_term_string}"},"query-input":{"@type":"PropertyValueSpecification","valueRequired":true,"valueName":"search_term_string"}}],"inLanguage":"es"},{"@type":"Organization","@id":"https:\/\/www.langlais.com\/es\/#organization","name":"Cabinet M\u1d49 Hugues Langlais Avocats en Immigration","url":"https:\/\/www.langlais.com\/es\/","logo":{"@type":"ImageObject","inLanguage":"es","@id":"https:\/\/www.langlais.com\/es\/#\/schema\/logo\/image\/","url":"https:\/\/www.langlais.com\/wp-content\/uploads\/2019\/05\/Cabinet-Me-Hugues-Langlais-logo-sq.jpg","contentUrl":"https:\/\/www.langlais.com\/wp-content\/uploads\/2019\/05\/Cabinet-Me-Hugues-Langlais-logo-sq.jpg","width":578,"height":578,"caption":"Cabinet M\u1d49 Hugues Langlais Avocats en Immigration"},"image":{"@id":"https:\/\/www.langlais.com\/es\/#\/schema\/logo\/image\/"},"sameAs":["https:\/\/www.facebook.com\/langlaisimmigration\/","https:\/\/x.com\/LanglaisLawFirm","https:\/\/www.linkedin.com\/in\/hugueslanglais4immigrationlaw\/","https:\/\/www.youtube.com\/channel\/UCBKNZKz80QxrR4P253Hmykw"]},{"@type":"Person","@id":"https:\/\/www.langlais.com\/es\/#\/schema\/person\/ebf1a44547429f0afb1602448d45c958","name":"Hugues","image":{"@type":"ImageObject","inLanguage":"es","@id":"https:\/\/secure.gravatar.com\/avatar\/a1df498cee01fc20b309dd5034cd0090e21ddb45e40bfc188827b63c6b847166?s=96&d=mm&r=g","url":"https:\/\/secure.gravatar.com\/avatar\/a1df498cee01fc20b309dd5034cd0090e21ddb45e40bfc188827b63c6b847166?s=96&d=mm&r=g","contentUrl":"https:\/\/secure.gravatar.com\/avatar\/a1df498cee01fc20b309dd5034cd0090e21ddb45e40bfc188827b63c6b847166?s=96&d=mm&r=g","caption":"Hugues"},"url":"https:\/\/www.langlais.com\/es\/author\/hugues\/"}]}},"_links":{"self":[{"href":"https:\/\/www.langlais.com\/es\/wp-json\/wp\/v2\/posts\/4070","targetHints":{"allow":["GET"]}}],"collection":[{"href":"https:\/\/www.langlais.com\/es\/wp-json\/wp\/v2\/posts"}],"about":[{"href":"https:\/\/www.langlais.com\/es\/wp-json\/wp\/v2\/types\/post"}],"author":[{"embeddable":true,"href":"https:\/\/www.langlais.com\/es\/wp-json\/wp\/v2\/users\/5"}],"replies":[{"embeddable":true,"href":"https:\/\/www.langlais.com\/es\/wp-json\/wp\/v2\/comments?post=4070"}],"version-history":[{"count":1,"href":"https:\/\/www.langlais.com\/es\/wp-json\/wp\/v2\/posts\/4070\/revisions"}],"predecessor-version":[{"id":4071,"href":"https:\/\/www.langlais.com\/es\/wp-json\/wp\/v2\/posts\/4070\/revisions\/4071"}],"wp:featuredmedia":[{"embeddable":true,"href":"https:\/\/www.langlais.com\/es\/wp-json\/wp\/v2\/media\/3410"}],"wp:attachment":[{"href":"https:\/\/www.langlais.com\/es\/wp-json\/wp\/v2\/media?parent=4070"}],"wp:term":[{"taxonomy":"category","embeddable":true,"href":"https:\/\/www.langlais.com\/es\/wp-json\/wp\/v2\/categories?post=4070"},{"taxonomy":"post_tag","embeddable":true,"href":"https:\/\/www.langlais.com\/es\/wp-json\/wp\/v2\/tags?post=4070"}],"curies":[{"name":"wp","href":"https:\/\/api.w.org\/{rel}","templated":true}]}}