{"id":4240,"date":"2020-07-26T09:04:59","date_gmt":"2020-07-26T13:04:59","guid":{"rendered":"https:\/\/www.langlais.com\/?p=4240"},"modified":"2021-06-02T09:10:13","modified_gmt":"2021-06-02T13:10:13","slug":"dire-merci-aux-travailleurs-de-premiere-ligne-2","status":"publish","type":"post","link":"https:\/\/www.langlais.com\/es\/dire-merci-aux-travailleurs-de-premiere-ligne-2\/","title":{"rendered":"Dire merci aux travailleurs de premi\u00e8re ligne"},"content":{"rendered":"<p class=\"teaser textModule textModule--type-teaser \"><img loading=\"lazy\" decoding=\"async\" class=\"alignright\" src=\"https:\/\/mobile-img.lpcdn.ca\/lpca\/924x\/r3996\/26a34357-cdf5-11ea-b8ad-02fe89184577.jpg\" alt=\"travailleurs de premier ligne\" width=\"399\" height=\"266\" \/>Accueillons-les parmi nous, de fa\u00e7on permanente, afin qu&#8217;ils continuent de s&#8217;accomplir au sein de notre soci\u00e9t\u00e9, les travailleurs de premi\u00e8re ligne.<\/p>\n<div class=\"datewrapper \">\n<div class=\"dates\"><em><span class=\"created\"><time datetime=\"2020-07-25T11:00:00-04:00\"><span class=\"publicationsDate--type-publication\">Article originalement publi\u00e9 sur <a href=\"https:\/\/www.lapresse.ca\/debats\/opinions\/2020-07-25\/dire-merci-aux-travailleurs-de-premiere-ligne.php\">LaPresse.ca<\/a> le 25 juillet 2020 \u00e0 11h00, par <\/span><\/time><\/span><\/em>ST\u00c9PHANIE VALOIS ET CHANTAL IANNICIELLO, AVOCATES, MEMBRES DU CONSEIL D\u2019ADMINISTRATION DE L\u2019ASSOCIATION DES AVOCATS ET AVOCATES EN DROIT DE L\u2019IMMIGRATION, ET PLUS DE 130 SIGNATAIRES*<\/div>\n<\/div>\n<p class=\"lead textModule textModule--type-lead \">Le message du premier ministre Fran\u00e7ois Legault \u00e9tait pourtant clair le 25 mai dernier ! Les gouvernements f\u00e9d\u00e9ral et provincial voulaient d\u00e9montrer leur reconnaissance \u00e0 l\u2019\u00e9gard des personnes en attente de r\u00e9gularisation de leur statut migratoire et ayant travaill\u00e9 sans rel\u00e2che sur la ligne de front pendant la pand\u00e9mie.<\/p>\n<h4>* Signataires :<\/h4>\n<p>Me Guillaume Cliche-Rivard, Me Ibii Otto, Me Luciano Del Negro, Me Olivier Badolo, Me Guy Nephtali, Me Dan Bohbot, Me Marie-H\u00e9l\u00e8ne Giroux, Me Viviane Albuquerque, MeMurhula Jugauce Mweze, Me HoSung Kim, Me Jessica Lipes, MeAnnie B\u00e9langer, Me Sabine Venturelli, Me Martin Lotard Bayigwalag, Me Marie-Jos\u00e9 Blain, Me Jamal Fraygui, Me Brigitte Objois, Me Jennifer Chriqui, Me Mohammed Diare, Me Yasmina Benihoud, Me Perla Abou-Jaoud\u00e9, MeWalid Ayali, Me Barbara Brizuela, Me Nathalie Ferreras, Me Claudia Aceituno, Me Alima Racine, Me Andrey Leshyner, Me Ion Ciobanu, Me Jean-S\u00e9bastien Boudreault, Me Mary Keyork, Me Ibrahima Dabo, Me \u00c9ric Taillefer, Me Cynthia Bergevin, Me Odette Desjardins, Me Gisela Barraza, Me Alexandra Louise Klein, v Marie-Andr\u00e9 Fogg, Me Cristian E. Roa-Riveros, Me St\u00e9phane Handfield, Me Nabih Ouled-Zaoui, MeAnh Thu Tran, <a href=\"https:\/\/www.langlais.com\/equipe-2\/me-hugues-langlais\/\">Me Hugues Langlais<\/a>, Ad. E., Me Fanny Cumplido, Me Cynthia Niteka, Me Aminata Ba, Me Rym Jawad, Me Carole Chelhot, Me Julien Primeau-Lafaille, Me Alejandro Saenz, Me Didier Leroux, MeFatoumata Binta Tirera, Me Sue Kang, v Rose Bossou, MeDanielle Arpin, Me Carole Fiore, Me Fabiola Ferreyra Coral, Me Rajaa Bellafqih, Me Krishna Gagn\u00e9, Me Patil Tutunjian, Me Alfredo Garcia, Me Jennifer Ganeshanathan, Me Isabelle Dongier, Me Yasmine Guillaume, Me Genevi\u00e8ve Binette, Me Georgia Pappis, Me Mai Nguyen, Me Marius Maxim, Me Virginia Cabello C., D\u00e9borah Andrades-Gingras, Me Sabine Laval, Me Joyce Yedid, Me Fevziye Oguzer, Me Yamilet Almeida Hernandez, Me Avi Gomberg, Me Jihane Chikhi, Me Coline Bellefleur, Me Mariama Diallo, Me S\u00e9na Lahaye Houndjahoue, Me Barbara Bertrand, Me Lydie-Magalie Stiverne, Me Nicholas Alexandris, Me Michael Dorey, Me Cliford Dominique, Me Idalmis Carreras-Rios, Me Richard Goldman, Me Suzanne Taffot, Me Francine D\u00e9carie, Me Latifa Benabdelouahid, Me Johanna Elhadad, Me Fantine Capo-Chichi, Me Rosalie Caill\u00e9-L\u00e9vesque, Me Caroline Turcotte-Br\u00fbl\u00e9, Me Moriba Alain Kon\u00e9, Me Beno\u00eet Bessette, Me Caroline Mouralian, Me Jonathan Veilleux, Me David Chalk, Me Kate Forrest, Me Vincent Desbiens, Me Julien Labrie-Masse, Me Souad Hamida, Me Stewart Istvanffy, Me Saguy Barchichat, Me Bin Xia Zhang, Me Daniel Epstein, Me Sami Louzi, Me Marie-France Chass\u00e9, Me Melissa Singer, Me Niousha Riahi; Me Abderrahim Si Ali; Me Patrizia Ruscio; Me Laurianne Ladouceur; Me Laurence C. Trempe, Me Joseph W. Allen, Me Ibrahima Bocar Thiam, Me Pierre Emmanuel Girard, Me Nazar Saaty, Me Kathleen Gaudreau, Me Jouman El-Asmar, Me Aboubakar Ouedraogo, Me Tatiana Gomez, Me Anabela Dias Cosme, Me Ad\u00e8le Mardoche, Me Vincent Dubuc-Cusick, Me Bouchra Aaboudate, Me Nicole Goulet, Me Kathleen Hadekel, Me Deborah Enokou, Me Catherine Paris Amstrong, Me Jacques Beauchemin, Me Nilufar Sadeghi, Me Alain Joffe, Me David Berger<\/p>\n<p><a href=\"https:\/\/www.lapresse.ca\/debats\/opinions\/2020-07-25\/dire-merci-aux-travailleurs-de-premiere-ligne.php\">Lisez la suite sur LaPresse.ca<\/a><\/p>\n","protected":false},"excerpt":{"rendered":"<p>Accueillons-les parmi nous, de fa\u00e7on permanente, afin qu&#8217;ils continuent de s&#8217;accomplir au sein de notre soci\u00e9t\u00e9, les travailleurs de premi\u00e8re ligne. Article originalement publi\u00e9 sur LaPresse.ca le 25 juillet 2020 \u00e0 11h00, par ST\u00c9PHANIE VALOIS ET CHANTAL IANNICIELLO, AVOCATES, MEMBRES DU CONSEIL D\u2019ADMINISTRATION DE L\u2019ASSOCIATION DES AVOCATS ET AVOCATES EN DROIT DE L\u2019IMMIGRATION, ET PLUS DE 130 SIGNATAIRES* Le message du premier ministre Fran\u00e7ois Legault \u00e9tait pourtant clair le 25 mai dernier ! Les gouvernements f\u00e9d\u00e9ral et provincial voulaient d\u00e9montrer leur reconnaissance \u00e0 l\u2019\u00e9gard des personnes en attente de r\u00e9gularisation de leur statut migratoire et ayant travaill\u00e9 sans rel\u00e2che sur&#8230;<\/p>\n","protected":false},"author":5,"featured_media":3410,"comment_status":"open","ping_status":"open","sticky":false,"template":"","format":"standard","meta":{"footnotes":""},"categories":[23],"tags":[],"class_list":["post-4240","post","type-post","status-publish","format-standard","has-post-thumbnail","hentry","category-dans-les-medias"],"yoast_head":"<!-- This site is optimized with the Yoast SEO plugin v27.4 - https:\/\/yoast.com\/product\/yoast-seo-wordpress\/ -->\n<title>Dire merci aux travailleurs de premi\u00e8re ligne - Cabinet Langlais<\/title>\n<meta name=\"description\" content=\"Accueillons parmi nous les travailleurs de premi\u00e8re ligne, afin qu&#039;ils continuent de s&#039;accomplir au sein de notre soci\u00e9t\u00e9.\" \/>\n<meta name=\"robots\" content=\"index, follow, max-snippet:-1, max-image-preview:large, max-video-preview:-1\" \/>\n<link rel=\"canonical\" href=\"https:\/\/www.langlais.com\/es\/dire-merci-aux-travailleurs-de-premiere-ligne-2\/\" \/>\n<meta property=\"og:locale\" content=\"es_ES\" \/>\n<meta property=\"og:type\" content=\"article\" \/>\n<meta property=\"og:title\" content=\"Dire merci aux travailleurs de premi\u00e8re ligne - Cabinet Langlais\" \/>\n<meta property=\"og:description\" content=\"Accueillons parmi nous les travailleurs de premi\u00e8re ligne, afin qu&#039;ils continuent de s&#039;accomplir au sein de notre soci\u00e9t\u00e9.\" \/>\n<meta property=\"og:url\" content=\"https:\/\/www.langlais.com\/es\/dire-merci-aux-travailleurs-de-premiere-ligne-2\/\" \/>\n<meta property=\"og:site_name\" content=\"Cabinet d&#039;avocats M\u1d49 Hugues Langlais\" \/>\n<meta property=\"article:publisher\" content=\"https:\/\/www.facebook.com\/langlaisimmigration\/\" \/>\n<meta property=\"article:published_time\" content=\"2020-07-26T13:04:59+00:00\" \/>\n<meta property=\"article:modified_time\" content=\"2021-06-02T13:10:13+00:00\" \/>\n<meta property=\"og:image\" content=\"https:\/\/www.langlais.com\/wp-content\/uploads\/2019\/06\/La_Presse-300.png\" \/>\n\t<meta property=\"og:image:width\" content=\"300\" \/>\n\t<meta property=\"og:image:height\" content=\"300\" \/>\n\t<meta property=\"og:image:type\" content=\"image\/png\" \/>\n<meta name=\"author\" content=\"Hugues\" \/>\n<meta name=\"twitter:card\" content=\"summary_large_image\" \/>\n<meta name=\"twitter:creator\" content=\"@LanglaisLawFirm\" \/>\n<meta name=\"twitter:site\" content=\"@LanglaisLawFirm\" \/>\n<meta name=\"twitter:label1\" content=\"Escrito por\" \/>\n\t<meta name=\"twitter:data1\" content=\"Hugues\" \/>\n\t<meta name=\"twitter:label2\" content=\"Tiempo de lectura\" \/>\n\t<meta name=\"twitter:data2\" content=\"3 minutos\" \/>\n<script type=\"application\/ld+json\" class=\"yoast-schema-graph\">{\"@context\":\"https:\\\/\\\/schema.org\",\"@graph\":[{\"@type\":\"Article\",\"@id\":\"https:\\\/\\\/www.langlais.com\\\/es\\\/dire-merci-aux-travailleurs-de-premiere-ligne-2\\\/#article\",\"isPartOf\":{\"@id\":\"https:\\\/\\\/www.langlais.com\\\/es\\\/dire-merci-aux-travailleurs-de-premiere-ligne-2\\\/\"},\"author\":{\"name\":\"Hugues\",\"@id\":\"https:\\\/\\\/www.langlais.com\\\/es\\\/#\\\/schema\\\/person\\\/ebf1a44547429f0afb1602448d45c958\"},\"headline\":\"Dire merci aux travailleurs de premi\u00e8re ligne\",\"datePublished\":\"2020-07-26T13:04:59+00:00\",\"dateModified\":\"2021-06-02T13:10:13+00:00\",\"mainEntityOfPage\":{\"@id\":\"https:\\\/\\\/www.langlais.com\\\/es\\\/dire-merci-aux-travailleurs-de-premiere-ligne-2\\\/\"},\"wordCount\":561,\"commentCount\":0,\"publisher\":{\"@id\":\"https:\\\/\\\/www.langlais.com\\\/es\\\/#organization\"},\"image\":{\"@id\":\"https:\\\/\\\/www.langlais.com\\\/es\\\/dire-merci-aux-travailleurs-de-premiere-ligne-2\\\/#primaryimage\"},\"thumbnailUrl\":\"https:\\\/\\\/www.langlais.com\\\/wp-content\\\/uploads\\\/2019\\\/06\\\/La_Presse-300.png\",\"articleSection\":[\"Dans les m\u00e9dias\"],\"inLanguage\":\"es\",\"potentialAction\":[{\"@type\":\"CommentAction\",\"name\":\"Comment\",\"target\":[\"https:\\\/\\\/www.langlais.com\\\/es\\\/dire-merci-aux-travailleurs-de-premiere-ligne-2\\\/#respond\"]}]},{\"@type\":\"WebPage\",\"@id\":\"https:\\\/\\\/www.langlais.com\\\/es\\\/dire-merci-aux-travailleurs-de-premiere-ligne-2\\\/\",\"url\":\"https:\\\/\\\/www.langlais.com\\\/es\\\/dire-merci-aux-travailleurs-de-premiere-ligne-2\\\/\",\"name\":\"Dire merci aux travailleurs de premi\u00e8re ligne - Cabinet Langlais\",\"isPartOf\":{\"@id\":\"https:\\\/\\\/www.langlais.com\\\/es\\\/#website\"},\"primaryImageOfPage\":{\"@id\":\"https:\\\/\\\/www.langlais.com\\\/es\\\/dire-merci-aux-travailleurs-de-premiere-ligne-2\\\/#primaryimage\"},\"image\":{\"@id\":\"https:\\\/\\\/www.langlais.com\\\/es\\\/dire-merci-aux-travailleurs-de-premiere-ligne-2\\\/#primaryimage\"},\"thumbnailUrl\":\"https:\\\/\\\/www.langlais.com\\\/wp-content\\\/uploads\\\/2019\\\/06\\\/La_Presse-300.png\",\"datePublished\":\"2020-07-26T13:04:59+00:00\",\"dateModified\":\"2021-06-02T13:10:13+00:00\",\"description\":\"Accueillons parmi nous les travailleurs de premi\u00e8re ligne, afin qu'ils continuent de s'accomplir au sein de notre soci\u00e9t\u00e9.\",\"breadcrumb\":{\"@id\":\"https:\\\/\\\/www.langlais.com\\\/es\\\/dire-merci-aux-travailleurs-de-premiere-ligne-2\\\/#breadcrumb\"},\"inLanguage\":\"es\",\"potentialAction\":[{\"@type\":\"ReadAction\",\"target\":[\"https:\\\/\\\/www.langlais.com\\\/es\\\/dire-merci-aux-travailleurs-de-premiere-ligne-2\\\/\"]}]},{\"@type\":\"ImageObject\",\"inLanguage\":\"es\",\"@id\":\"https:\\\/\\\/www.langlais.com\\\/es\\\/dire-merci-aux-travailleurs-de-premiere-ligne-2\\\/#primaryimage\",\"url\":\"https:\\\/\\\/www.langlais.com\\\/wp-content\\\/uploads\\\/2019\\\/06\\\/La_Presse-300.png\",\"contentUrl\":\"https:\\\/\\\/www.langlais.com\\\/wp-content\\\/uploads\\\/2019\\\/06\\\/La_Presse-300.png\",\"width\":300,\"height\":300,\"caption\":\"La Presse\"},{\"@type\":\"BreadcrumbList\",\"@id\":\"https:\\\/\\\/www.langlais.com\\\/es\\\/dire-merci-aux-travailleurs-de-premiere-ligne-2\\\/#breadcrumb\",\"itemListElement\":[{\"@type\":\"ListItem\",\"position\":1,\"name\":\"Accueil\",\"item\":\"https:\\\/\\\/www.langlais.com\\\/es\\\/\"},{\"@type\":\"ListItem\",\"position\":2,\"name\":\"Dire merci aux travailleurs de premi\u00e8re ligne\"}]},{\"@type\":\"WebSite\",\"@id\":\"https:\\\/\\\/www.langlais.com\\\/es\\\/#website\",\"url\":\"https:\\\/\\\/www.langlais.com\\\/es\\\/\",\"name\":\"Cabinet M\u1d49 Hugues Langlais Avocats en Immigration\",\"description\":\"\",\"publisher\":{\"@id\":\"https:\\\/\\\/www.langlais.com\\\/es\\\/#organization\"},\"potentialAction\":[{\"@type\":\"SearchAction\",\"target\":{\"@type\":\"EntryPoint\",\"urlTemplate\":\"https:\\\/\\\/www.langlais.com\\\/es\\\/?s={search_term_string}\"},\"query-input\":{\"@type\":\"PropertyValueSpecification\",\"valueRequired\":true,\"valueName\":\"search_term_string\"}}],\"inLanguage\":\"es\"},{\"@type\":\"Organization\",\"@id\":\"https:\\\/\\\/www.langlais.com\\\/es\\\/#organization\",\"name\":\"Cabinet M\u1d49 Hugues Langlais Avocats en Immigration\",\"url\":\"https:\\\/\\\/www.langlais.com\\\/es\\\/\",\"logo\":{\"@type\":\"ImageObject\",\"inLanguage\":\"es\",\"@id\":\"https:\\\/\\\/www.langlais.com\\\/es\\\/#\\\/schema\\\/logo\\\/image\\\/\",\"url\":\"https:\\\/\\\/www.langlais.com\\\/wp-content\\\/uploads\\\/2019\\\/05\\\/Cabinet-Me-Hugues-Langlais-logo-sq.jpg\",\"contentUrl\":\"https:\\\/\\\/www.langlais.com\\\/wp-content\\\/uploads\\\/2019\\\/05\\\/Cabinet-Me-Hugues-Langlais-logo-sq.jpg\",\"width\":578,\"height\":578,\"caption\":\"Cabinet M\u1d49 Hugues Langlais Avocats en Immigration\"},\"image\":{\"@id\":\"https:\\\/\\\/www.langlais.com\\\/es\\\/#\\\/schema\\\/logo\\\/image\\\/\"},\"sameAs\":[\"https:\\\/\\\/www.facebook.com\\\/langlaisimmigration\\\/\",\"https:\\\/\\\/x.com\\\/LanglaisLawFirm\",\"https:\\\/\\\/www.linkedin.com\\\/in\\\/hugueslanglais4immigrationlaw\\\/\",\"https:\\\/\\\/www.youtube.com\\\/channel\\\/UCBKNZKz80QxrR4P253Hmykw\"]},{\"@type\":\"Person\",\"@id\":\"https:\\\/\\\/www.langlais.com\\\/es\\\/#\\\/schema\\\/person\\\/ebf1a44547429f0afb1602448d45c958\",\"name\":\"Hugues\",\"image\":{\"@type\":\"ImageObject\",\"inLanguage\":\"es\",\"@id\":\"https:\\\/\\\/secure.gravatar.com\\\/avatar\\\/a1df498cee01fc20b309dd5034cd0090e21ddb45e40bfc188827b63c6b847166?s=96&d=mm&r=g\",\"url\":\"https:\\\/\\\/secure.gravatar.com\\\/avatar\\\/a1df498cee01fc20b309dd5034cd0090e21ddb45e40bfc188827b63c6b847166?s=96&d=mm&r=g\",\"contentUrl\":\"https:\\\/\\\/secure.gravatar.com\\\/avatar\\\/a1df498cee01fc20b309dd5034cd0090e21ddb45e40bfc188827b63c6b847166?s=96&d=mm&r=g\",\"caption\":\"Hugues\"},\"url\":\"https:\\\/\\\/www.langlais.com\\\/es\\\/author\\\/hugues\\\/\"}]}<\/script>\n<!-- \/ Yoast SEO plugin. -->","yoast_head_json":{"title":"Dire merci aux travailleurs de premi\u00e8re ligne - Cabinet Langlais","description":"Accueillons parmi nous les travailleurs de premi\u00e8re ligne, afin qu'ils continuent de s'accomplir au sein de notre soci\u00e9t\u00e9.","robots":{"index":"index","follow":"follow","max-snippet":"max-snippet:-1","max-image-preview":"max-image-preview:large","max-video-preview":"max-video-preview:-1"},"canonical":"https:\/\/www.langlais.com\/es\/dire-merci-aux-travailleurs-de-premiere-ligne-2\/","og_locale":"es_ES","og_type":"article","og_title":"Dire merci aux travailleurs de premi\u00e8re ligne - Cabinet Langlais","og_description":"Accueillons parmi nous les travailleurs de premi\u00e8re ligne, afin qu'ils continuent de s'accomplir au sein de notre soci\u00e9t\u00e9.","og_url":"https:\/\/www.langlais.com\/es\/dire-merci-aux-travailleurs-de-premiere-ligne-2\/","og_site_name":"Cabinet d&#039;avocats M\u1d49 Hugues Langlais","article_publisher":"https:\/\/www.facebook.com\/langlaisimmigration\/","article_published_time":"2020-07-26T13:04:59+00:00","article_modified_time":"2021-06-02T13:10:13+00:00","og_image":[{"width":300,"height":300,"url":"https:\/\/www.langlais.com\/wp-content\/uploads\/2019\/06\/La_Presse-300.png","type":"image\/png"}],"author":"Hugues","twitter_card":"summary_large_image","twitter_creator":"@LanglaisLawFirm","twitter_site":"@LanglaisLawFirm","twitter_misc":{"Escrito por":"Hugues","Tiempo de lectura":"3 minutos"},"schema":{"@context":"https:\/\/schema.org","@graph":[{"@type":"Article","@id":"https:\/\/www.langlais.com\/es\/dire-merci-aux-travailleurs-de-premiere-ligne-2\/#article","isPartOf":{"@id":"https:\/\/www.langlais.com\/es\/dire-merci-aux-travailleurs-de-premiere-ligne-2\/"},"author":{"name":"Hugues","@id":"https:\/\/www.langlais.com\/es\/#\/schema\/person\/ebf1a44547429f0afb1602448d45c958"},"headline":"Dire merci aux travailleurs de premi\u00e8re ligne","datePublished":"2020-07-26T13:04:59+00:00","dateModified":"2021-06-02T13:10:13+00:00","mainEntityOfPage":{"@id":"https:\/\/www.langlais.com\/es\/dire-merci-aux-travailleurs-de-premiere-ligne-2\/"},"wordCount":561,"commentCount":0,"publisher":{"@id":"https:\/\/www.langlais.com\/es\/#organization"},"image":{"@id":"https:\/\/www.langlais.com\/es\/dire-merci-aux-travailleurs-de-premiere-ligne-2\/#primaryimage"},"thumbnailUrl":"https:\/\/www.langlais.com\/wp-content\/uploads\/2019\/06\/La_Presse-300.png","articleSection":["Dans les m\u00e9dias"],"inLanguage":"es","potentialAction":[{"@type":"CommentAction","name":"Comment","target":["https:\/\/www.langlais.com\/es\/dire-merci-aux-travailleurs-de-premiere-ligne-2\/#respond"]}]},{"@type":"WebPage","@id":"https:\/\/www.langlais.com\/es\/dire-merci-aux-travailleurs-de-premiere-ligne-2\/","url":"https:\/\/www.langlais.com\/es\/dire-merci-aux-travailleurs-de-premiere-ligne-2\/","name":"Dire merci aux travailleurs de premi\u00e8re ligne - Cabinet Langlais","isPartOf":{"@id":"https:\/\/www.langlais.com\/es\/#website"},"primaryImageOfPage":{"@id":"https:\/\/www.langlais.com\/es\/dire-merci-aux-travailleurs-de-premiere-ligne-2\/#primaryimage"},"image":{"@id":"https:\/\/www.langlais.com\/es\/dire-merci-aux-travailleurs-de-premiere-ligne-2\/#primaryimage"},"thumbnailUrl":"https:\/\/www.langlais.com\/wp-content\/uploads\/2019\/06\/La_Presse-300.png","datePublished":"2020-07-26T13:04:59+00:00","dateModified":"2021-06-02T13:10:13+00:00","description":"Accueillons parmi nous les travailleurs de premi\u00e8re ligne, afin qu'ils continuent de s'accomplir au sein de notre soci\u00e9t\u00e9.","breadcrumb":{"@id":"https:\/\/www.langlais.com\/es\/dire-merci-aux-travailleurs-de-premiere-ligne-2\/#breadcrumb"},"inLanguage":"es","potentialAction":[{"@type":"ReadAction","target":["https:\/\/www.langlais.com\/es\/dire-merci-aux-travailleurs-de-premiere-ligne-2\/"]}]},{"@type":"ImageObject","inLanguage":"es","@id":"https:\/\/www.langlais.com\/es\/dire-merci-aux-travailleurs-de-premiere-ligne-2\/#primaryimage","url":"https:\/\/www.langlais.com\/wp-content\/uploads\/2019\/06\/La_Presse-300.png","contentUrl":"https:\/\/www.langlais.com\/wp-content\/uploads\/2019\/06\/La_Presse-300.png","width":300,"height":300,"caption":"La Presse"},{"@type":"BreadcrumbList","@id":"https:\/\/www.langlais.com\/es\/dire-merci-aux-travailleurs-de-premiere-ligne-2\/#breadcrumb","itemListElement":[{"@type":"ListItem","position":1,"name":"Accueil","item":"https:\/\/www.langlais.com\/es\/"},{"@type":"ListItem","position":2,"name":"Dire merci aux travailleurs de premi\u00e8re ligne"}]},{"@type":"WebSite","@id":"https:\/\/www.langlais.com\/es\/#website","url":"https:\/\/www.langlais.com\/es\/","name":"Cabinet M\u1d49 Hugues Langlais Avocats en Immigration","description":"","publisher":{"@id":"https:\/\/www.langlais.com\/es\/#organization"},"potentialAction":[{"@type":"SearchAction","target":{"@type":"EntryPoint","urlTemplate":"https:\/\/www.langlais.com\/es\/?s={search_term_string}"},"query-input":{"@type":"PropertyValueSpecification","valueRequired":true,"valueName":"search_term_string"}}],"inLanguage":"es"},{"@type":"Organization","@id":"https:\/\/www.langlais.com\/es\/#organization","name":"Cabinet M\u1d49 Hugues Langlais Avocats en Immigration","url":"https:\/\/www.langlais.com\/es\/","logo":{"@type":"ImageObject","inLanguage":"es","@id":"https:\/\/www.langlais.com\/es\/#\/schema\/logo\/image\/","url":"https:\/\/www.langlais.com\/wp-content\/uploads\/2019\/05\/Cabinet-Me-Hugues-Langlais-logo-sq.jpg","contentUrl":"https:\/\/www.langlais.com\/wp-content\/uploads\/2019\/05\/Cabinet-Me-Hugues-Langlais-logo-sq.jpg","width":578,"height":578,"caption":"Cabinet M\u1d49 Hugues Langlais Avocats en Immigration"},"image":{"@id":"https:\/\/www.langlais.com\/es\/#\/schema\/logo\/image\/"},"sameAs":["https:\/\/www.facebook.com\/langlaisimmigration\/","https:\/\/x.com\/LanglaisLawFirm","https:\/\/www.linkedin.com\/in\/hugueslanglais4immigrationlaw\/","https:\/\/www.youtube.com\/channel\/UCBKNZKz80QxrR4P253Hmykw"]},{"@type":"Person","@id":"https:\/\/www.langlais.com\/es\/#\/schema\/person\/ebf1a44547429f0afb1602448d45c958","name":"Hugues","image":{"@type":"ImageObject","inLanguage":"es","@id":"https:\/\/secure.gravatar.com\/avatar\/a1df498cee01fc20b309dd5034cd0090e21ddb45e40bfc188827b63c6b847166?s=96&d=mm&r=g","url":"https:\/\/secure.gravatar.com\/avatar\/a1df498cee01fc20b309dd5034cd0090e21ddb45e40bfc188827b63c6b847166?s=96&d=mm&r=g","contentUrl":"https:\/\/secure.gravatar.com\/avatar\/a1df498cee01fc20b309dd5034cd0090e21ddb45e40bfc188827b63c6b847166?s=96&d=mm&r=g","caption":"Hugues"},"url":"https:\/\/www.langlais.com\/es\/author\/hugues\/"}]}},"_links":{"self":[{"href":"https:\/\/www.langlais.com\/es\/wp-json\/wp\/v2\/posts\/4240","targetHints":{"allow":["GET"]}}],"collection":[{"href":"https:\/\/www.langlais.com\/es\/wp-json\/wp\/v2\/posts"}],"about":[{"href":"https:\/\/www.langlais.com\/es\/wp-json\/wp\/v2\/types\/post"}],"author":[{"embeddable":true,"href":"https:\/\/www.langlais.com\/es\/wp-json\/wp\/v2\/users\/5"}],"replies":[{"embeddable":true,"href":"https:\/\/www.langlais.com\/es\/wp-json\/wp\/v2\/comments?post=4240"}],"version-history":[{"count":1,"href":"https:\/\/www.langlais.com\/es\/wp-json\/wp\/v2\/posts\/4240\/revisions"}],"predecessor-version":[{"id":4241,"href":"https:\/\/www.langlais.com\/es\/wp-json\/wp\/v2\/posts\/4240\/revisions\/4241"}],"wp:featuredmedia":[{"embeddable":true,"href":"https:\/\/www.langlais.com\/es\/wp-json\/wp\/v2\/media\/3410"}],"wp:attachment":[{"href":"https:\/\/www.langlais.com\/es\/wp-json\/wp\/v2\/media?parent=4240"}],"wp:term":[{"taxonomy":"category","embeddable":true,"href":"https:\/\/www.langlais.com\/es\/wp-json\/wp\/v2\/categories?post=4240"},{"taxonomy":"post_tag","embeddable":true,"href":"https:\/\/www.langlais.com\/es\/wp-json\/wp\/v2\/tags?post=4240"}],"curies":[{"name":"wp","href":"https:\/\/api.w.org\/{rel}","templated":true}]}}