{"id":4242,"date":"2020-06-11T09:11:03","date_gmt":"2020-06-11T13:11:03","guid":{"rendered":"https:\/\/www.langlais.com\/?p=4242"},"modified":"2021-06-02T09:14:11","modified_gmt":"2021-06-02T13:14:11","slug":"reforme-du-peq-limportance-de-respecter-sa-parole","status":"publish","type":"post","link":"https:\/\/www.langlais.com\/es\/reforme-du-peq-limportance-de-respecter-sa-parole\/","title":{"rendered":"R\u00e9forme du PEQ: l\u2019importance de respecter sa parole"},"content":{"rendered":"<p class=\"lead textModule textModule--type-lead \">Dans la foul\u00e9e du retrait de la premi\u00e8re r\u00e9forme du Programme de l\u2019exp\u00e9rience qu\u00e9b\u00e9coise (PEQ) en novembre 2019, tant le premier ministre, monsieur Fran\u00e7ois Legault, que son ministre de l\u2019Immigration, de la Francisation et de l\u2019Inclusion, monsieur Simon Jolin-Barrette, avaient pris l\u2019engagement ferme devant l\u2019Assembl\u00e9e nationale, mais aussi dans le cadre de diverses sorties m\u00e9diatiques, qu\u2019une clause de droits acquis prot\u00e8gerait les \u00e9tudiants et travailleurs \u00e9trangers ayant fait le choix de venir s\u2019installer au Qu\u00e9bec sur la base de l\u2019ancien programme.<\/p>\n<div class=\"datewrapper \">\n<div class=\"dates\"><em><span class=\"name authorModule__name \"><span class=\"created\"><time datetime=\"2020-06-10T13:00:00-04:00\"><span class=\"publicationsDate--type-publication\">Publi\u00e9 le 10 juin 2020 dans <a href=\"https:\/\/www.lapresse.ca\/debats\/opinions\/2020-06-10\/reforme-du-peq-l-importance-de-respecter-sa-parole\">LaPresse.ca<\/a> \u00e0 13h00 par <\/span><\/time><\/span>ME GUILLAUME CLICHE-RIVARD, <\/span>PR\u00c9SIDENT DE L\u2019ASSOCIATION QU\u00c9B\u00c9COISE DES AVOCATS ET AVOCATES EN DROIT DE L\u2019IMMIGRATION, ET SIGNATAIRES*<\/em><\/div>\n<h4>*Signatures\u00a0:<\/h4>\n<div>M<sup>e<\/sup>\u00a0Rosalie Caill\u00e9-L\u00e9vesque, M<sup>e<\/sup>\u00a0HoSung Kim,M<sup>e<\/sup>\u00a0David Chalk, M<sup>e<\/sup>\u00a0Laurence C. Trempe, M<sup>e<\/sup>\u00a0Nadia Barrou, M<sup>e<\/sup>\u00a0Jean-S\u00e9bastien Boudreault, M<sup>e<\/sup>\u00a0Fatoumata Binta Tirera, M<sup>e<\/sup>\u00a0Serban Tismanariu, M<sup>e<\/sup>\u00a0Barbara Bertrand, M<sup>e<\/sup>\u00a0Ibii Otto, M<sup>e<\/sup>\u00a0Perla Abou-Jaoud\u00e9, M<sup>e<\/sup>\u00a0Alexandra L. Klein, M<sup>e<\/sup>\u00a0Christina Rogov, M<sup>e<\/sup>\u00a0Jacques Beauchemin, Me \u00c9ric Taillefer, M<sup>e<\/sup>\u00a0Patrice Brunet, M<sup>e<\/sup>\u00a0Bin Xia Zhang, M<sup>e<\/sup>\u00a0Jonathan Veilleux, M<sup>e<\/sup>\u00a0Nicholas Alexandris, M<sup>e<\/sup>\u00a0Arnaud Vanier, M<sup>e<\/sup>\u00a0Adele Mardoche, M<sup>e<\/sup>\u00a0Jean-Mathieu Potvin, M<sup>e<\/sup>\u00a0Yasmina Benihoud, M<sup>e<\/sup>\u00a0Latifa Benabdelouahid, M<sup>e<\/sup>\u00a0Marius Maxim, M<sup>e<\/sup>\u00a0Mai Nguyen, M<sup>e<\/sup>\u00a0Camille Clamens, M<sup>e<\/sup>\u00a0Sue Kang, M<sup>e<\/sup>\u00a0Dan Bohbot, M<sup>e<\/sup>\u00a0Viviane Albuquerque, M<sup>e<\/sup>\u00a0Olivier Badolo, M<sup>e<\/sup>\u00a0Aboubacar Sidiki Coulibaly, M<sup>e<\/sup>\u00a0Jennifer Ana Chriqui, M<sup>e<\/sup>\u00a0Mabel E. Fraser, M<sup>e<\/sup>\u00a0Yasmina Boukossa, M<sup>e<\/sup>\u00a0Jihane Chikhi, M<sup>e<\/sup>\u00a0Yamilet Almeida, M<sup>e<\/sup>\u00a0Alexandra Carbonneau, M<sup>e<\/sup>\u00a0Barbara Brizuela, M<sup>e<\/sup>\u00a0Anabela Cosme, M<sup>e<\/sup>\u00a0Ibrahima Dabo, M<sup>e<\/sup>\u00a0Nathalie Ferreras, M<sup>e<\/sup>\u00a0Guillaume Audet, M<sup>e<\/sup>\u00a0David Berger, M<sup>e<\/sup>\u00a0S\u00e9na Lahaye, M<sup>e<\/sup>\u00a0Roger Pichette, M<sup>e<\/sup>\u00a0Marie-Jos\u00e9e H. B\u00e9dard, M<sup>e<\/sup>\u00a0Bouchra Aaboudate, M<sup>e<\/sup>\u00a0Maryl\u00e8ne Garacci, M<sup>e<\/sup>\u00a0Carole Fiore, M<sup>e<\/sup>\u00a0Alex Lu, M<sup>e<\/sup>\u00a0Georgia Pappis, M<sup>e<\/sup>\u00a0Ying Huang, M<sup>e<\/sup>\u00a0Denis Girard, M<sup>e<\/sup>\u00a0Johanna Elhadad, M<sup>e<\/sup>\u00a0Claudia Aceituno, M<sup>e<\/sup>\u00a0Juan Cabrillana, M<sup>e<\/sup>\u00a0Stewart Istvanffy, M<sup>e<\/sup>\u00a0Patil Tutunjian, M<sup>e<\/sup>\u00a0Gisela Barraza, M<sup>e<\/sup>\u00a0Fanny Cumplido, M<sup>e<\/sup>\u00a0Xiao Jing Yang, M<sup>e<\/sup>\u00a0Abdessamad Tazaroualti, M<sup>e<\/sup>\u00a0Ikram Benhadj, M<sup>e<\/sup>\u00a0Caroline Mouralian, M<sup>e<\/sup>\u00a0Maria Houem, M<sup>e<\/sup>\u00a0Rose Bossou, M<sup>e<\/sup>\u00a0Marie-H\u00e9l\u00e8ne Giroux, M<sup>e<\/sup>\u00a0Walid Ayadi, M<sup>e<\/sup>\u00a0Marie-Jos\u00e9e Blain, M<sup>e<\/sup>\u00a0Laurianne Ladouceur, M<sup>e<\/sup>\u00a0Andrey Leshyner, M<sup>e<\/sup>\u00a0Francine D\u00e9carie, M<sup>e<\/sup>\u00a0Avi Gomberg, M<sup>e<\/sup>\u00a0Alfredo Garcia, M<sup>e<\/sup>\u00a0Lisa Middlemiss, M<sup>e<\/sup>\u00a0Sabine Venturelli, M<sup>e<\/sup>\u00a0Danielle Arpin, M<sup>e<\/sup>\u00a0St\u00e9phane Handfield, M<sup>e<\/sup>\u00a0Yasmine Guillaume, M<sup>e<\/sup>\u00a0Suzanne Taffot, <a href=\"https:\/\/www.langlais.com\/equipe-2\/me-hugues-langlais\/\">M<sup>e<\/sup>\u00a0Hugues Langlais (Ad. E.)<\/a>, M<sup>e<\/sup>\u00a0Cynthia Bergevin, M<sup>e<\/sup>\u00a0Martin Lotard Bayigwalag, M<sup>e<\/sup>\u00a0Isabelle Dongier, M<sup>e<\/sup>\u00a0Cliford Dominique, M<sup>e<\/sup>\u00a0Aminata Ba, M<sup>e<\/sup>\u00a0Guy Nephtali, M<sup>e<\/sup>\u00a0Benoit Bessette, M<sup>e<\/sup>\u00a0Christine Renaud, M<sup>e<\/sup>\u00a0Kathleen Gaudreau, M<sup>e<\/sup>\u00a0Angela Potvin, M<sup>e<\/sup>\u00a0Julien Labrie-Masse, M<sup>e<\/sup>\u00a0Emily Freire, M<sup>e<\/sup>\u00a0Genevi\u00e8ve Henault, M<sup>e<\/sup>\u00a0Nabih Ouled-Zaoui, M<sup>e<\/sup>\u00a0Alima Racine, M<sup>e<\/sup>\u00a0Cynthia Niteka, M<sup>e<\/sup>\u00a0Jugauce M. Mweze, M<sup>e<\/sup>\u00a0Sami Louzi, M<sup>e<\/sup>\u00a0Moussa Taoubi, M<sup>e<\/sup>\u00a0Sira Coulibaly, M<sup>e<\/sup>\u00a0Mohamed Diare, M<sup>e<\/sup>\u00a0Catherine Paris Armstrong, M<sup>e<\/sup>\u00a0Krishna Gagn\u00e9, M<sup>e<\/sup>\u00a0Nataliya Dzera, M<sup>e<\/sup>\u00a0Jouman El-Asmar, M<sup>e<\/sup>\u00a0Genna Evelyn, M<sup>e<\/sup>\u00a0Jennifer Ganeshanathan, Monsieur Isma\u00ebl Boudissa et Madame Cl\u00e9mence Bergeron<\/div>\n<\/div>\n<div><\/div>\n<div><a href=\"https:\/\/www.lapresse.ca\/debats\/opinions\/2020-06-10\/reforme-du-peq-l-importance-de-respecter-sa-parole\">Lire la suite sur LaPresse.ca<\/a>.<\/div>\n","protected":false},"excerpt":{"rendered":"<p>Dans la foul\u00e9e du retrait de la premi\u00e8re r\u00e9forme du Programme de l\u2019exp\u00e9rience qu\u00e9b\u00e9coise (PEQ) en novembre 2019, tant le premier ministre, monsieur Fran\u00e7ois Legault, que son ministre de l\u2019Immigration, de la Francisation et de l\u2019Inclusion, monsieur Simon Jolin-Barrette, avaient pris l\u2019engagement ferme devant l\u2019Assembl\u00e9e nationale, mais aussi dans le cadre de diverses sorties m\u00e9diatiques, qu\u2019une clause de droits acquis prot\u00e8gerait les \u00e9tudiants et travailleurs \u00e9trangers ayant fait le choix de venir s\u2019installer au Qu\u00e9bec sur la base de l\u2019ancien programme. Publi\u00e9 le 10 juin 2020 dans LaPresse.ca \u00e0 13h00 par ME GUILLAUME CLICHE-RIVARD, PR\u00c9SIDENT DE L\u2019ASSOCIATION QU\u00c9B\u00c9COISE DES AVOCATS&#8230;<\/p>\n","protected":false},"author":5,"featured_media":3410,"comment_status":"open","ping_status":"open","sticky":false,"template":"","format":"standard","meta":{"footnotes":""},"categories":[23],"tags":[],"class_list":["post-4242","post","type-post","status-publish","format-standard","has-post-thumbnail","hentry","category-dans-les-medias"],"yoast_head":"<!-- This site is optimized with the Yoast SEO plugin v27.4 - https:\/\/yoast.com\/product\/yoast-seo-wordpress\/ -->\n<title>R\u00e9forme du PEQ: l\u2019importance de respecter sa parole - Cabinet Langlais<\/title>\n<meta name=\"robots\" content=\"index, follow, max-snippet:-1, max-image-preview:large, max-video-preview:-1\" \/>\n<link rel=\"canonical\" href=\"https:\/\/www.langlais.com\/es\/reforme-du-peq-limportance-de-respecter-sa-parole\/\" \/>\n<meta property=\"og:locale\" content=\"es_ES\" \/>\n<meta property=\"og:type\" content=\"article\" \/>\n<meta property=\"og:title\" content=\"R\u00e9forme du PEQ: l\u2019importance de respecter sa parole - Cabinet Langlais\" \/>\n<meta property=\"og:description\" content=\"Dans la foul\u00e9e du retrait de la premi\u00e8re r\u00e9forme du Programme de l\u2019exp\u00e9rience qu\u00e9b\u00e9coise (PEQ) en novembre 2019, tant le premier ministre, monsieur Fran\u00e7ois Legault, que son ministre de l\u2019Immigration, de la Francisation et de l\u2019Inclusion, monsieur Simon Jolin-Barrette, avaient pris l\u2019engagement ferme devant l\u2019Assembl\u00e9e nationale, mais aussi dans le cadre de diverses sorties m\u00e9diatiques, qu\u2019une clause de droits acquis prot\u00e8gerait les \u00e9tudiants et travailleurs \u00e9trangers ayant fait le choix de venir s\u2019installer au Qu\u00e9bec sur la base de l\u2019ancien programme. Publi\u00e9 le 10 juin 2020 dans LaPresse.ca \u00e0 13h00 par ME GUILLAUME CLICHE-RIVARD, PR\u00c9SIDENT DE L\u2019ASSOCIATION QU\u00c9B\u00c9COISE DES AVOCATS...\" \/>\n<meta property=\"og:url\" content=\"https:\/\/www.langlais.com\/es\/reforme-du-peq-limportance-de-respecter-sa-parole\/\" \/>\n<meta property=\"og:site_name\" content=\"Cabinet d&#039;avocats M\u1d49 Hugues Langlais\" \/>\n<meta property=\"article:publisher\" content=\"https:\/\/www.facebook.com\/langlaisimmigration\/\" \/>\n<meta property=\"article:published_time\" content=\"2020-06-11T13:11:03+00:00\" \/>\n<meta property=\"article:modified_time\" content=\"2021-06-02T13:14:11+00:00\" \/>\n<meta property=\"og:image\" content=\"https:\/\/www.langlais.com\/wp-content\/uploads\/2019\/06\/La_Presse-300.png\" \/>\n\t<meta property=\"og:image:width\" content=\"300\" \/>\n\t<meta property=\"og:image:height\" content=\"300\" \/>\n\t<meta property=\"og:image:type\" content=\"image\/png\" \/>\n<meta name=\"author\" content=\"Hugues\" \/>\n<meta name=\"twitter:card\" content=\"summary_large_image\" \/>\n<meta name=\"twitter:creator\" content=\"@LanglaisLawFirm\" \/>\n<meta name=\"twitter:site\" content=\"@LanglaisLawFirm\" \/>\n<meta name=\"twitter:label1\" content=\"Escrito por\" \/>\n\t<meta name=\"twitter:data1\" content=\"Hugues\" \/>\n\t<meta name=\"twitter:label2\" content=\"Tiempo de lectura\" \/>\n\t<meta name=\"twitter:data2\" content=\"3 minutos\" \/>\n<script type=\"application\/ld+json\" class=\"yoast-schema-graph\">{\"@context\":\"https:\\\/\\\/schema.org\",\"@graph\":[{\"@type\":\"Article\",\"@id\":\"https:\\\/\\\/www.langlais.com\\\/es\\\/reforme-du-peq-limportance-de-respecter-sa-parole\\\/#article\",\"isPartOf\":{\"@id\":\"https:\\\/\\\/www.langlais.com\\\/es\\\/reforme-du-peq-limportance-de-respecter-sa-parole\\\/\"},\"author\":{\"name\":\"Hugues\",\"@id\":\"https:\\\/\\\/www.langlais.com\\\/es\\\/#\\\/schema\\\/person\\\/ebf1a44547429f0afb1602448d45c958\"},\"headline\":\"R\u00e9forme du PEQ: l\u2019importance de respecter sa parole\",\"datePublished\":\"2020-06-11T13:11:03+00:00\",\"dateModified\":\"2021-06-02T13:14:11+00:00\",\"mainEntityOfPage\":{\"@id\":\"https:\\\/\\\/www.langlais.com\\\/es\\\/reforme-du-peq-limportance-de-respecter-sa-parole\\\/\"},\"wordCount\":509,\"commentCount\":0,\"publisher\":{\"@id\":\"https:\\\/\\\/www.langlais.com\\\/es\\\/#organization\"},\"image\":{\"@id\":\"https:\\\/\\\/www.langlais.com\\\/es\\\/reforme-du-peq-limportance-de-respecter-sa-parole\\\/#primaryimage\"},\"thumbnailUrl\":\"https:\\\/\\\/www.langlais.com\\\/wp-content\\\/uploads\\\/2019\\\/06\\\/La_Presse-300.png\",\"articleSection\":[\"Dans les m\u00e9dias\"],\"inLanguage\":\"es\",\"potentialAction\":[{\"@type\":\"CommentAction\",\"name\":\"Comment\",\"target\":[\"https:\\\/\\\/www.langlais.com\\\/es\\\/reforme-du-peq-limportance-de-respecter-sa-parole\\\/#respond\"]}]},{\"@type\":\"WebPage\",\"@id\":\"https:\\\/\\\/www.langlais.com\\\/es\\\/reforme-du-peq-limportance-de-respecter-sa-parole\\\/\",\"url\":\"https:\\\/\\\/www.langlais.com\\\/es\\\/reforme-du-peq-limportance-de-respecter-sa-parole\\\/\",\"name\":\"R\u00e9forme du PEQ: l\u2019importance de respecter sa parole - Cabinet Langlais\",\"isPartOf\":{\"@id\":\"https:\\\/\\\/www.langlais.com\\\/es\\\/#website\"},\"primaryImageOfPage\":{\"@id\":\"https:\\\/\\\/www.langlais.com\\\/es\\\/reforme-du-peq-limportance-de-respecter-sa-parole\\\/#primaryimage\"},\"image\":{\"@id\":\"https:\\\/\\\/www.langlais.com\\\/es\\\/reforme-du-peq-limportance-de-respecter-sa-parole\\\/#primaryimage\"},\"thumbnailUrl\":\"https:\\\/\\\/www.langlais.com\\\/wp-content\\\/uploads\\\/2019\\\/06\\\/La_Presse-300.png\",\"datePublished\":\"2020-06-11T13:11:03+00:00\",\"dateModified\":\"2021-06-02T13:14:11+00:00\",\"breadcrumb\":{\"@id\":\"https:\\\/\\\/www.langlais.com\\\/es\\\/reforme-du-peq-limportance-de-respecter-sa-parole\\\/#breadcrumb\"},\"inLanguage\":\"es\",\"potentialAction\":[{\"@type\":\"ReadAction\",\"target\":[\"https:\\\/\\\/www.langlais.com\\\/es\\\/reforme-du-peq-limportance-de-respecter-sa-parole\\\/\"]}]},{\"@type\":\"ImageObject\",\"inLanguage\":\"es\",\"@id\":\"https:\\\/\\\/www.langlais.com\\\/es\\\/reforme-du-peq-limportance-de-respecter-sa-parole\\\/#primaryimage\",\"url\":\"https:\\\/\\\/www.langlais.com\\\/wp-content\\\/uploads\\\/2019\\\/06\\\/La_Presse-300.png\",\"contentUrl\":\"https:\\\/\\\/www.langlais.com\\\/wp-content\\\/uploads\\\/2019\\\/06\\\/La_Presse-300.png\",\"width\":300,\"height\":300,\"caption\":\"La Presse\"},{\"@type\":\"BreadcrumbList\",\"@id\":\"https:\\\/\\\/www.langlais.com\\\/es\\\/reforme-du-peq-limportance-de-respecter-sa-parole\\\/#breadcrumb\",\"itemListElement\":[{\"@type\":\"ListItem\",\"position\":1,\"name\":\"Accueil\",\"item\":\"https:\\\/\\\/www.langlais.com\\\/es\\\/\"},{\"@type\":\"ListItem\",\"position\":2,\"name\":\"R\u00e9forme du PEQ: l\u2019importance de respecter sa parole\"}]},{\"@type\":\"WebSite\",\"@id\":\"https:\\\/\\\/www.langlais.com\\\/es\\\/#website\",\"url\":\"https:\\\/\\\/www.langlais.com\\\/es\\\/\",\"name\":\"Cabinet M\u1d49 Hugues Langlais Avocats en Immigration\",\"description\":\"\",\"publisher\":{\"@id\":\"https:\\\/\\\/www.langlais.com\\\/es\\\/#organization\"},\"potentialAction\":[{\"@type\":\"SearchAction\",\"target\":{\"@type\":\"EntryPoint\",\"urlTemplate\":\"https:\\\/\\\/www.langlais.com\\\/es\\\/?s={search_term_string}\"},\"query-input\":{\"@type\":\"PropertyValueSpecification\",\"valueRequired\":true,\"valueName\":\"search_term_string\"}}],\"inLanguage\":\"es\"},{\"@type\":\"Organization\",\"@id\":\"https:\\\/\\\/www.langlais.com\\\/es\\\/#organization\",\"name\":\"Cabinet M\u1d49 Hugues Langlais Avocats en Immigration\",\"url\":\"https:\\\/\\\/www.langlais.com\\\/es\\\/\",\"logo\":{\"@type\":\"ImageObject\",\"inLanguage\":\"es\",\"@id\":\"https:\\\/\\\/www.langlais.com\\\/es\\\/#\\\/schema\\\/logo\\\/image\\\/\",\"url\":\"https:\\\/\\\/www.langlais.com\\\/wp-content\\\/uploads\\\/2019\\\/05\\\/Cabinet-Me-Hugues-Langlais-logo-sq.jpg\",\"contentUrl\":\"https:\\\/\\\/www.langlais.com\\\/wp-content\\\/uploads\\\/2019\\\/05\\\/Cabinet-Me-Hugues-Langlais-logo-sq.jpg\",\"width\":578,\"height\":578,\"caption\":\"Cabinet M\u1d49 Hugues Langlais Avocats en Immigration\"},\"image\":{\"@id\":\"https:\\\/\\\/www.langlais.com\\\/es\\\/#\\\/schema\\\/logo\\\/image\\\/\"},\"sameAs\":[\"https:\\\/\\\/www.facebook.com\\\/langlaisimmigration\\\/\",\"https:\\\/\\\/x.com\\\/LanglaisLawFirm\",\"https:\\\/\\\/www.linkedin.com\\\/in\\\/hugueslanglais4immigrationlaw\\\/\",\"https:\\\/\\\/www.youtube.com\\\/channel\\\/UCBKNZKz80QxrR4P253Hmykw\"]},{\"@type\":\"Person\",\"@id\":\"https:\\\/\\\/www.langlais.com\\\/es\\\/#\\\/schema\\\/person\\\/ebf1a44547429f0afb1602448d45c958\",\"name\":\"Hugues\",\"image\":{\"@type\":\"ImageObject\",\"inLanguage\":\"es\",\"@id\":\"https:\\\/\\\/secure.gravatar.com\\\/avatar\\\/a1df498cee01fc20b309dd5034cd0090e21ddb45e40bfc188827b63c6b847166?s=96&d=mm&r=g\",\"url\":\"https:\\\/\\\/secure.gravatar.com\\\/avatar\\\/a1df498cee01fc20b309dd5034cd0090e21ddb45e40bfc188827b63c6b847166?s=96&d=mm&r=g\",\"contentUrl\":\"https:\\\/\\\/secure.gravatar.com\\\/avatar\\\/a1df498cee01fc20b309dd5034cd0090e21ddb45e40bfc188827b63c6b847166?s=96&d=mm&r=g\",\"caption\":\"Hugues\"},\"url\":\"https:\\\/\\\/www.langlais.com\\\/es\\\/author\\\/hugues\\\/\"}]}<\/script>\n<!-- \/ Yoast SEO plugin. -->","yoast_head_json":{"title":"R\u00e9forme du PEQ: l\u2019importance de respecter sa parole - Cabinet Langlais","robots":{"index":"index","follow":"follow","max-snippet":"max-snippet:-1","max-image-preview":"max-image-preview:large","max-video-preview":"max-video-preview:-1"},"canonical":"https:\/\/www.langlais.com\/es\/reforme-du-peq-limportance-de-respecter-sa-parole\/","og_locale":"es_ES","og_type":"article","og_title":"R\u00e9forme du PEQ: l\u2019importance de respecter sa parole - Cabinet Langlais","og_description":"Dans la foul\u00e9e du retrait de la premi\u00e8re r\u00e9forme du Programme de l\u2019exp\u00e9rience qu\u00e9b\u00e9coise (PEQ) en novembre 2019, tant le premier ministre, monsieur Fran\u00e7ois Legault, que son ministre de l\u2019Immigration, de la Francisation et de l\u2019Inclusion, monsieur Simon Jolin-Barrette, avaient pris l\u2019engagement ferme devant l\u2019Assembl\u00e9e nationale, mais aussi dans le cadre de diverses sorties m\u00e9diatiques, qu\u2019une clause de droits acquis prot\u00e8gerait les \u00e9tudiants et travailleurs \u00e9trangers ayant fait le choix de venir s\u2019installer au Qu\u00e9bec sur la base de l\u2019ancien programme. Publi\u00e9 le 10 juin 2020 dans LaPresse.ca \u00e0 13h00 par ME GUILLAUME CLICHE-RIVARD, PR\u00c9SIDENT DE L\u2019ASSOCIATION QU\u00c9B\u00c9COISE DES AVOCATS...","og_url":"https:\/\/www.langlais.com\/es\/reforme-du-peq-limportance-de-respecter-sa-parole\/","og_site_name":"Cabinet d&#039;avocats M\u1d49 Hugues Langlais","article_publisher":"https:\/\/www.facebook.com\/langlaisimmigration\/","article_published_time":"2020-06-11T13:11:03+00:00","article_modified_time":"2021-06-02T13:14:11+00:00","og_image":[{"width":300,"height":300,"url":"https:\/\/www.langlais.com\/wp-content\/uploads\/2019\/06\/La_Presse-300.png","type":"image\/png"}],"author":"Hugues","twitter_card":"summary_large_image","twitter_creator":"@LanglaisLawFirm","twitter_site":"@LanglaisLawFirm","twitter_misc":{"Escrito por":"Hugues","Tiempo de lectura":"3 minutos"},"schema":{"@context":"https:\/\/schema.org","@graph":[{"@type":"Article","@id":"https:\/\/www.langlais.com\/es\/reforme-du-peq-limportance-de-respecter-sa-parole\/#article","isPartOf":{"@id":"https:\/\/www.langlais.com\/es\/reforme-du-peq-limportance-de-respecter-sa-parole\/"},"author":{"name":"Hugues","@id":"https:\/\/www.langlais.com\/es\/#\/schema\/person\/ebf1a44547429f0afb1602448d45c958"},"headline":"R\u00e9forme du PEQ: l\u2019importance de respecter sa parole","datePublished":"2020-06-11T13:11:03+00:00","dateModified":"2021-06-02T13:14:11+00:00","mainEntityOfPage":{"@id":"https:\/\/www.langlais.com\/es\/reforme-du-peq-limportance-de-respecter-sa-parole\/"},"wordCount":509,"commentCount":0,"publisher":{"@id":"https:\/\/www.langlais.com\/es\/#organization"},"image":{"@id":"https:\/\/www.langlais.com\/es\/reforme-du-peq-limportance-de-respecter-sa-parole\/#primaryimage"},"thumbnailUrl":"https:\/\/www.langlais.com\/wp-content\/uploads\/2019\/06\/La_Presse-300.png","articleSection":["Dans les m\u00e9dias"],"inLanguage":"es","potentialAction":[{"@type":"CommentAction","name":"Comment","target":["https:\/\/www.langlais.com\/es\/reforme-du-peq-limportance-de-respecter-sa-parole\/#respond"]}]},{"@type":"WebPage","@id":"https:\/\/www.langlais.com\/es\/reforme-du-peq-limportance-de-respecter-sa-parole\/","url":"https:\/\/www.langlais.com\/es\/reforme-du-peq-limportance-de-respecter-sa-parole\/","name":"R\u00e9forme du PEQ: l\u2019importance de respecter sa parole - Cabinet Langlais","isPartOf":{"@id":"https:\/\/www.langlais.com\/es\/#website"},"primaryImageOfPage":{"@id":"https:\/\/www.langlais.com\/es\/reforme-du-peq-limportance-de-respecter-sa-parole\/#primaryimage"},"image":{"@id":"https:\/\/www.langlais.com\/es\/reforme-du-peq-limportance-de-respecter-sa-parole\/#primaryimage"},"thumbnailUrl":"https:\/\/www.langlais.com\/wp-content\/uploads\/2019\/06\/La_Presse-300.png","datePublished":"2020-06-11T13:11:03+00:00","dateModified":"2021-06-02T13:14:11+00:00","breadcrumb":{"@id":"https:\/\/www.langlais.com\/es\/reforme-du-peq-limportance-de-respecter-sa-parole\/#breadcrumb"},"inLanguage":"es","potentialAction":[{"@type":"ReadAction","target":["https:\/\/www.langlais.com\/es\/reforme-du-peq-limportance-de-respecter-sa-parole\/"]}]},{"@type":"ImageObject","inLanguage":"es","@id":"https:\/\/www.langlais.com\/es\/reforme-du-peq-limportance-de-respecter-sa-parole\/#primaryimage","url":"https:\/\/www.langlais.com\/wp-content\/uploads\/2019\/06\/La_Presse-300.png","contentUrl":"https:\/\/www.langlais.com\/wp-content\/uploads\/2019\/06\/La_Presse-300.png","width":300,"height":300,"caption":"La Presse"},{"@type":"BreadcrumbList","@id":"https:\/\/www.langlais.com\/es\/reforme-du-peq-limportance-de-respecter-sa-parole\/#breadcrumb","itemListElement":[{"@type":"ListItem","position":1,"name":"Accueil","item":"https:\/\/www.langlais.com\/es\/"},{"@type":"ListItem","position":2,"name":"R\u00e9forme du PEQ: l\u2019importance de respecter sa parole"}]},{"@type":"WebSite","@id":"https:\/\/www.langlais.com\/es\/#website","url":"https:\/\/www.langlais.com\/es\/","name":"Cabinet M\u1d49 Hugues Langlais Avocats en Immigration","description":"","publisher":{"@id":"https:\/\/www.langlais.com\/es\/#organization"},"potentialAction":[{"@type":"SearchAction","target":{"@type":"EntryPoint","urlTemplate":"https:\/\/www.langlais.com\/es\/?s={search_term_string}"},"query-input":{"@type":"PropertyValueSpecification","valueRequired":true,"valueName":"search_term_string"}}],"inLanguage":"es"},{"@type":"Organization","@id":"https:\/\/www.langlais.com\/es\/#organization","name":"Cabinet M\u1d49 Hugues Langlais Avocats en Immigration","url":"https:\/\/www.langlais.com\/es\/","logo":{"@type":"ImageObject","inLanguage":"es","@id":"https:\/\/www.langlais.com\/es\/#\/schema\/logo\/image\/","url":"https:\/\/www.langlais.com\/wp-content\/uploads\/2019\/05\/Cabinet-Me-Hugues-Langlais-logo-sq.jpg","contentUrl":"https:\/\/www.langlais.com\/wp-content\/uploads\/2019\/05\/Cabinet-Me-Hugues-Langlais-logo-sq.jpg","width":578,"height":578,"caption":"Cabinet M\u1d49 Hugues Langlais Avocats en Immigration"},"image":{"@id":"https:\/\/www.langlais.com\/es\/#\/schema\/logo\/image\/"},"sameAs":["https:\/\/www.facebook.com\/langlaisimmigration\/","https:\/\/x.com\/LanglaisLawFirm","https:\/\/www.linkedin.com\/in\/hugueslanglais4immigrationlaw\/","https:\/\/www.youtube.com\/channel\/UCBKNZKz80QxrR4P253Hmykw"]},{"@type":"Person","@id":"https:\/\/www.langlais.com\/es\/#\/schema\/person\/ebf1a44547429f0afb1602448d45c958","name":"Hugues","image":{"@type":"ImageObject","inLanguage":"es","@id":"https:\/\/secure.gravatar.com\/avatar\/a1df498cee01fc20b309dd5034cd0090e21ddb45e40bfc188827b63c6b847166?s=96&d=mm&r=g","url":"https:\/\/secure.gravatar.com\/avatar\/a1df498cee01fc20b309dd5034cd0090e21ddb45e40bfc188827b63c6b847166?s=96&d=mm&r=g","contentUrl":"https:\/\/secure.gravatar.com\/avatar\/a1df498cee01fc20b309dd5034cd0090e21ddb45e40bfc188827b63c6b847166?s=96&d=mm&r=g","caption":"Hugues"},"url":"https:\/\/www.langlais.com\/es\/author\/hugues\/"}]}},"_links":{"self":[{"href":"https:\/\/www.langlais.com\/es\/wp-json\/wp\/v2\/posts\/4242","targetHints":{"allow":["GET"]}}],"collection":[{"href":"https:\/\/www.langlais.com\/es\/wp-json\/wp\/v2\/posts"}],"about":[{"href":"https:\/\/www.langlais.com\/es\/wp-json\/wp\/v2\/types\/post"}],"author":[{"embeddable":true,"href":"https:\/\/www.langlais.com\/es\/wp-json\/wp\/v2\/users\/5"}],"replies":[{"embeddable":true,"href":"https:\/\/www.langlais.com\/es\/wp-json\/wp\/v2\/comments?post=4242"}],"version-history":[{"count":1,"href":"https:\/\/www.langlais.com\/es\/wp-json\/wp\/v2\/posts\/4242\/revisions"}],"predecessor-version":[{"id":4243,"href":"https:\/\/www.langlais.com\/es\/wp-json\/wp\/v2\/posts\/4242\/revisions\/4243"}],"wp:featuredmedia":[{"embeddable":true,"href":"https:\/\/www.langlais.com\/es\/wp-json\/wp\/v2\/media\/3410"}],"wp:attachment":[{"href":"https:\/\/www.langlais.com\/es\/wp-json\/wp\/v2\/media?parent=4242"}],"wp:term":[{"taxonomy":"category","embeddable":true,"href":"https:\/\/www.langlais.com\/es\/wp-json\/wp\/v2\/categories?post=4242"},{"taxonomy":"post_tag","embeddable":true,"href":"https:\/\/www.langlais.com\/es\/wp-json\/wp\/v2\/tags?post=4242"}],"curies":[{"name":"wp","href":"https:\/\/api.w.org\/{rel}","templated":true}]}}