{"id":4246,"date":"2021-01-15T09:18:19","date_gmt":"2021-01-15T13:18:19","guid":{"rendered":"https:\/\/www.langlais.com\/?p=4246"},"modified":"2021-06-02T09:21:09","modified_gmt":"2021-06-02T13:21:09","slug":"un-presume-criminel-de-guerre-syrien-habiterait-montreal-depuis-deux-ans","status":"publish","type":"post","link":"https:\/\/www.langlais.com\/es\/un-presume-criminel-de-guerre-syrien-habiterait-montreal-depuis-deux-ans\/","title":{"rendered":"Un pr\u00e9sum\u00e9 criminel de guerre syrien habiterait Montr\u00e9al depuis deux ans"},"content":{"rendered":"<p><strong>Un pr\u00e9sum\u00e9 criminel de guerre syrien, membre d\u2019une milice affili\u00e9e au r\u00e9gime Al-Assad et associ\u00e9e \u00e0 des crimes odieux, vivrait une vie ais\u00e9e \u00e0 Montr\u00e9al depuis son arriv\u00e9e il y a deux ans, selon des critiques du r\u00e9gime.<\/strong><\/p>\n<p>George Youssef Al-Sheikh, lui-m\u00eame chr\u00e9tien, aurait us\u00e9 d\u2019un programme de parrainage religieux en se pr\u00e9sentant comme une victime de la guerre civile. Il d\u00e9tiendrait le statut de r\u00e9fugi\u00e9 au Canada.<\/p>\n<p><em>Article paru dans <a href=\"https:\/\/www.journaldemontreal.com\/2021\/01\/14\/un-presume-criminel-de-guerre-syrien-habiterait-montreal-depuis-deux-ans\">Le JournalDeMontreal.com<\/a> le 14 janvier 2021, par Rapha\u00ebl Pirro<\/em><\/p>\n<p>Selon l\u2019avocat <a href=\"https:\/\/www.langlais.com\/equipe-2\/me-hugues-langlais\/\">Hugues Langlais<\/a>, sp\u00e9cialis\u00e9 en droit de l\u2019immigration, il serait difficile, voire impossible de poursuivre George Youssef Al-Sheikh au criminel sur la base des crimes de guerre qui lui sont all\u00e9gu\u00e9s.<\/p>\n<p>\u00abOn ne les attaque pas [les pr\u00e9sum\u00e9s criminels de guerre] sous l\u2019angle des crimes de guerre, mais on les attaque sous l\u2019angle qu\u2019ils ont menti dans leurs d\u00e9clarations de demande d\u2019immigration : soit de ne pas avoir d\u00e9clar\u00e9 un fait, un nom, une adresse, une situation, ou un emploi qui, s\u2019il avait \u00e9t\u00e9 connu [au moment de la demande d\u2019asile], le gouvernement n\u2019aurait jamais accept\u00e9\u00bb, a expliqu\u00e9 Me Langlais.<\/p>\n<p><a href=\"https:\/\/www.journaldemontreal.com\/2021\/01\/14\/un-presume-criminel-de-guerre-syrien-habiterait-montreal-depuis-deux-ans\">Lire la suite sur Le Journal de Montr\u00e9al<\/a><\/p>\n","protected":false},"excerpt":{"rendered":"<p>Un pr\u00e9sum\u00e9 criminel de guerre syrien, membre d\u2019une milice affili\u00e9e au r\u00e9gime Al-Assad et associ\u00e9e \u00e0 des crimes odieux, vivrait une vie ais\u00e9e \u00e0 Montr\u00e9al depuis son arriv\u00e9e il y a deux ans, selon des critiques du r\u00e9gime. George Youssef Al-Sheikh, lui-m\u00eame chr\u00e9tien, aurait us\u00e9 d\u2019un programme de parrainage religieux en se pr\u00e9sentant comme une victime de la guerre civile. Il d\u00e9tiendrait le statut de r\u00e9fugi\u00e9 au Canada. Article paru dans Le JournalDeMontreal.com le 14 janvier 2021, par Rapha\u00ebl Pirro Selon l\u2019avocat Hugues Langlais, sp\u00e9cialis\u00e9 en droit de l\u2019immigration, il serait difficile, voire impossible de poursuivre George Youssef Al-Sheikh au&#8230;<\/p>\n","protected":false},"author":10,"featured_media":3405,"comment_status":"open","ping_status":"open","sticky":false,"template":"","format":"standard","meta":{"footnotes":""},"categories":[23],"tags":[],"class_list":["post-4246","post","type-post","status-publish","format-standard","has-post-thumbnail","hentry","category-dans-les-medias"],"yoast_head":"<!-- This site is optimized with the Yoast SEO plugin v27.3 - https:\/\/yoast.com\/product\/yoast-seo-wordpress\/ -->\n<title>Un pr\u00e9sum\u00e9 criminel de guerre syrien habiterait Montr\u00e9al depuis deux ans<\/title>\n<meta name=\"description\" content=\"Un pr\u00e9sum\u00e9 criminel de guerre syrien, membre d\u2019une milice affili\u00e9e au r\u00e9gime Al-Assad et associ\u00e9e \u00e0 des crimes odieux.\" \/>\n<meta name=\"robots\" content=\"index, follow, max-snippet:-1, max-image-preview:large, max-video-preview:-1\" \/>\n<link rel=\"canonical\" href=\"https:\/\/www.langlais.com\/es\/un-presume-criminel-de-guerre-syrien-habiterait-montreal-depuis-deux-ans\/\" \/>\n<meta property=\"og:locale\" content=\"es_ES\" \/>\n<meta property=\"og:type\" content=\"article\" \/>\n<meta property=\"og:title\" content=\"Un pr\u00e9sum\u00e9 criminel de guerre syrien habiterait Montr\u00e9al depuis deux ans\" \/>\n<meta property=\"og:description\" content=\"Un pr\u00e9sum\u00e9 criminel de guerre syrien, membre d\u2019une milice affili\u00e9e au r\u00e9gime Al-Assad et associ\u00e9e \u00e0 des crimes odieux.\" \/>\n<meta property=\"og:url\" content=\"https:\/\/www.langlais.com\/es\/un-presume-criminel-de-guerre-syrien-habiterait-montreal-depuis-deux-ans\/\" \/>\n<meta property=\"og:site_name\" content=\"Cabinet d&#039;avocats M\u1d49 Hugues Langlais\" \/>\n<meta property=\"article:publisher\" content=\"https:\/\/www.facebook.com\/langlaisimmigration\/\" \/>\n<meta property=\"article:published_time\" content=\"2021-01-15T13:18:19+00:00\" \/>\n<meta property=\"article:modified_time\" content=\"2021-06-02T13:21:09+00:00\" \/>\n<meta property=\"og:image\" content=\"https:\/\/www.langlais.com\/wp-content\/uploads\/2019\/06\/journaldemontreal-300.jpg\" \/>\n\t<meta property=\"og:image:width\" content=\"300\" \/>\n\t<meta property=\"og:image:height\" content=\"300\" \/>\n\t<meta property=\"og:image:type\" content=\"image\/jpeg\" \/>\n<meta name=\"author\" content=\"Samuel Parent\" \/>\n<meta name=\"twitter:card\" content=\"summary_large_image\" \/>\n<meta name=\"twitter:creator\" content=\"@LanglaisLawFirm\" \/>\n<meta name=\"twitter:site\" content=\"@LanglaisLawFirm\" \/>\n<meta name=\"twitter:label1\" content=\"Escrito por\" \/>\n\t<meta name=\"twitter:data1\" content=\"Samuel Parent\" \/>\n\t<meta name=\"twitter:label2\" content=\"Tiempo de lectura\" \/>\n\t<meta name=\"twitter:data2\" content=\"1 minuto\" \/>\n<script type=\"application\/ld+json\" class=\"yoast-schema-graph\">{\"@context\":\"https:\\\/\\\/schema.org\",\"@graph\":[{\"@type\":\"Article\",\"@id\":\"https:\\\/\\\/www.langlais.com\\\/es\\\/un-presume-criminel-de-guerre-syrien-habiterait-montreal-depuis-deux-ans\\\/#article\",\"isPartOf\":{\"@id\":\"https:\\\/\\\/www.langlais.com\\\/es\\\/un-presume-criminel-de-guerre-syrien-habiterait-montreal-depuis-deux-ans\\\/\"},\"author\":{\"name\":\"Samuel Parent\",\"@id\":\"https:\\\/\\\/www.langlais.com\\\/es\\\/#\\\/schema\\\/person\\\/7b104f23fea41eb0a988a47368310383\"},\"headline\":\"Un pr\u00e9sum\u00e9 criminel de guerre syrien habiterait Montr\u00e9al depuis deux ans\",\"datePublished\":\"2021-01-15T13:18:19+00:00\",\"dateModified\":\"2021-06-02T13:21:09+00:00\",\"mainEntityOfPage\":{\"@id\":\"https:\\\/\\\/www.langlais.com\\\/es\\\/un-presume-criminel-de-guerre-syrien-habiterait-montreal-depuis-deux-ans\\\/\"},\"wordCount\":231,\"commentCount\":0,\"publisher\":{\"@id\":\"https:\\\/\\\/www.langlais.com\\\/es\\\/#organization\"},\"image\":{\"@id\":\"https:\\\/\\\/www.langlais.com\\\/es\\\/un-presume-criminel-de-guerre-syrien-habiterait-montreal-depuis-deux-ans\\\/#primaryimage\"},\"thumbnailUrl\":\"https:\\\/\\\/www.langlais.com\\\/wp-content\\\/uploads\\\/2019\\\/06\\\/journaldemontreal-300.jpg\",\"articleSection\":[\"Dans les m\u00e9dias\"],\"inLanguage\":\"es\",\"potentialAction\":[{\"@type\":\"CommentAction\",\"name\":\"Comment\",\"target\":[\"https:\\\/\\\/www.langlais.com\\\/es\\\/un-presume-criminel-de-guerre-syrien-habiterait-montreal-depuis-deux-ans\\\/#respond\"]}]},{\"@type\":\"WebPage\",\"@id\":\"https:\\\/\\\/www.langlais.com\\\/es\\\/un-presume-criminel-de-guerre-syrien-habiterait-montreal-depuis-deux-ans\\\/\",\"url\":\"https:\\\/\\\/www.langlais.com\\\/es\\\/un-presume-criminel-de-guerre-syrien-habiterait-montreal-depuis-deux-ans\\\/\",\"name\":\"Un pr\u00e9sum\u00e9 criminel de guerre syrien habiterait Montr\u00e9al depuis deux ans\",\"isPartOf\":{\"@id\":\"https:\\\/\\\/www.langlais.com\\\/es\\\/#website\"},\"primaryImageOfPage\":{\"@id\":\"https:\\\/\\\/www.langlais.com\\\/es\\\/un-presume-criminel-de-guerre-syrien-habiterait-montreal-depuis-deux-ans\\\/#primaryimage\"},\"image\":{\"@id\":\"https:\\\/\\\/www.langlais.com\\\/es\\\/un-presume-criminel-de-guerre-syrien-habiterait-montreal-depuis-deux-ans\\\/#primaryimage\"},\"thumbnailUrl\":\"https:\\\/\\\/www.langlais.com\\\/wp-content\\\/uploads\\\/2019\\\/06\\\/journaldemontreal-300.jpg\",\"datePublished\":\"2021-01-15T13:18:19+00:00\",\"dateModified\":\"2021-06-02T13:21:09+00:00\",\"description\":\"Un pr\u00e9sum\u00e9 criminel de guerre syrien, membre d\u2019une milice affili\u00e9e au r\u00e9gime Al-Assad et associ\u00e9e \u00e0 des crimes odieux.\",\"breadcrumb\":{\"@id\":\"https:\\\/\\\/www.langlais.com\\\/es\\\/un-presume-criminel-de-guerre-syrien-habiterait-montreal-depuis-deux-ans\\\/#breadcrumb\"},\"inLanguage\":\"es\",\"potentialAction\":[{\"@type\":\"ReadAction\",\"target\":[\"https:\\\/\\\/www.langlais.com\\\/es\\\/un-presume-criminel-de-guerre-syrien-habiterait-montreal-depuis-deux-ans\\\/\"]}]},{\"@type\":\"ImageObject\",\"inLanguage\":\"es\",\"@id\":\"https:\\\/\\\/www.langlais.com\\\/es\\\/un-presume-criminel-de-guerre-syrien-habiterait-montreal-depuis-deux-ans\\\/#primaryimage\",\"url\":\"https:\\\/\\\/www.langlais.com\\\/wp-content\\\/uploads\\\/2019\\\/06\\\/journaldemontreal-300.jpg\",\"contentUrl\":\"https:\\\/\\\/www.langlais.com\\\/wp-content\\\/uploads\\\/2019\\\/06\\\/journaldemontreal-300.jpg\",\"width\":300,\"height\":300,\"caption\":\"Le Journal de Montr\u00e9al\"},{\"@type\":\"BreadcrumbList\",\"@id\":\"https:\\\/\\\/www.langlais.com\\\/es\\\/un-presume-criminel-de-guerre-syrien-habiterait-montreal-depuis-deux-ans\\\/#breadcrumb\",\"itemListElement\":[{\"@type\":\"ListItem\",\"position\":1,\"name\":\"Accueil\",\"item\":\"https:\\\/\\\/www.langlais.com\\\/es\\\/\"},{\"@type\":\"ListItem\",\"position\":2,\"name\":\"Un pr\u00e9sum\u00e9 criminel de guerre syrien habiterait Montr\u00e9al depuis deux ans\"}]},{\"@type\":\"WebSite\",\"@id\":\"https:\\\/\\\/www.langlais.com\\\/es\\\/#website\",\"url\":\"https:\\\/\\\/www.langlais.com\\\/es\\\/\",\"name\":\"Cabinet M\u1d49 Hugues Langlais Avocats en Immigration\",\"description\":\"\",\"publisher\":{\"@id\":\"https:\\\/\\\/www.langlais.com\\\/es\\\/#organization\"},\"potentialAction\":[{\"@type\":\"SearchAction\",\"target\":{\"@type\":\"EntryPoint\",\"urlTemplate\":\"https:\\\/\\\/www.langlais.com\\\/es\\\/?s={search_term_string}\"},\"query-input\":{\"@type\":\"PropertyValueSpecification\",\"valueRequired\":true,\"valueName\":\"search_term_string\"}}],\"inLanguage\":\"es\"},{\"@type\":\"Organization\",\"@id\":\"https:\\\/\\\/www.langlais.com\\\/es\\\/#organization\",\"name\":\"Cabinet M\u1d49 Hugues Langlais Avocats en Immigration\",\"url\":\"https:\\\/\\\/www.langlais.com\\\/es\\\/\",\"logo\":{\"@type\":\"ImageObject\",\"inLanguage\":\"es\",\"@id\":\"https:\\\/\\\/www.langlais.com\\\/es\\\/#\\\/schema\\\/logo\\\/image\\\/\",\"url\":\"https:\\\/\\\/www.langlais.com\\\/wp-content\\\/uploads\\\/2019\\\/05\\\/Cabinet-Me-Hugues-Langlais-logo-sq.jpg\",\"contentUrl\":\"https:\\\/\\\/www.langlais.com\\\/wp-content\\\/uploads\\\/2019\\\/05\\\/Cabinet-Me-Hugues-Langlais-logo-sq.jpg\",\"width\":578,\"height\":578,\"caption\":\"Cabinet M\u1d49 Hugues Langlais Avocats en Immigration\"},\"image\":{\"@id\":\"https:\\\/\\\/www.langlais.com\\\/es\\\/#\\\/schema\\\/logo\\\/image\\\/\"},\"sameAs\":[\"https:\\\/\\\/www.facebook.com\\\/langlaisimmigration\\\/\",\"https:\\\/\\\/x.com\\\/LanglaisLawFirm\",\"https:\\\/\\\/www.linkedin.com\\\/in\\\/hugueslanglais4immigrationlaw\\\/\",\"https:\\\/\\\/www.youtube.com\\\/channel\\\/UCBKNZKz80QxrR4P253Hmykw\"]},{\"@type\":\"Person\",\"@id\":\"https:\\\/\\\/www.langlais.com\\\/es\\\/#\\\/schema\\\/person\\\/7b104f23fea41eb0a988a47368310383\",\"name\":\"Samuel Parent\",\"image\":{\"@type\":\"ImageObject\",\"inLanguage\":\"es\",\"@id\":\"https:\\\/\\\/secure.gravatar.com\\\/avatar\\\/3c0a26efadacc1c6a046e08e2e36d134acae26fea37b1e9426bb6cb665fe178c?s=96&d=mm&r=g\",\"url\":\"https:\\\/\\\/secure.gravatar.com\\\/avatar\\\/3c0a26efadacc1c6a046e08e2e36d134acae26fea37b1e9426bb6cb665fe178c?s=96&d=mm&r=g\",\"contentUrl\":\"https:\\\/\\\/secure.gravatar.com\\\/avatar\\\/3c0a26efadacc1c6a046e08e2e36d134acae26fea37b1e9426bb6cb665fe178c?s=96&d=mm&r=g\",\"caption\":\"Samuel Parent\"},\"sameAs\":[\"https:\\\/\\\/www.langlais.com\\\/\"],\"url\":\"https:\\\/\\\/www.langlais.com\\\/es\\\/author\\\/samuelparent\\\/\"}]}<\/script>\n<!-- \/ Yoast SEO plugin. -->","yoast_head_json":{"title":"Un pr\u00e9sum\u00e9 criminel de guerre syrien habiterait Montr\u00e9al depuis deux ans","description":"Un pr\u00e9sum\u00e9 criminel de guerre syrien, membre d\u2019une milice affili\u00e9e au r\u00e9gime Al-Assad et associ\u00e9e \u00e0 des crimes odieux.","robots":{"index":"index","follow":"follow","max-snippet":"max-snippet:-1","max-image-preview":"max-image-preview:large","max-video-preview":"max-video-preview:-1"},"canonical":"https:\/\/www.langlais.com\/es\/un-presume-criminel-de-guerre-syrien-habiterait-montreal-depuis-deux-ans\/","og_locale":"es_ES","og_type":"article","og_title":"Un pr\u00e9sum\u00e9 criminel de guerre syrien habiterait Montr\u00e9al depuis deux ans","og_description":"Un pr\u00e9sum\u00e9 criminel de guerre syrien, membre d\u2019une milice affili\u00e9e au r\u00e9gime Al-Assad et associ\u00e9e \u00e0 des crimes odieux.","og_url":"https:\/\/www.langlais.com\/es\/un-presume-criminel-de-guerre-syrien-habiterait-montreal-depuis-deux-ans\/","og_site_name":"Cabinet d&#039;avocats M\u1d49 Hugues Langlais","article_publisher":"https:\/\/www.facebook.com\/langlaisimmigration\/","article_published_time":"2021-01-15T13:18:19+00:00","article_modified_time":"2021-06-02T13:21:09+00:00","og_image":[{"width":300,"height":300,"url":"https:\/\/www.langlais.com\/wp-content\/uploads\/2019\/06\/journaldemontreal-300.jpg","type":"image\/jpeg"}],"author":"Samuel Parent","twitter_card":"summary_large_image","twitter_creator":"@LanglaisLawFirm","twitter_site":"@LanglaisLawFirm","twitter_misc":{"Escrito por":"Samuel Parent","Tiempo de lectura":"1 minuto"},"schema":{"@context":"https:\/\/schema.org","@graph":[{"@type":"Article","@id":"https:\/\/www.langlais.com\/es\/un-presume-criminel-de-guerre-syrien-habiterait-montreal-depuis-deux-ans\/#article","isPartOf":{"@id":"https:\/\/www.langlais.com\/es\/un-presume-criminel-de-guerre-syrien-habiterait-montreal-depuis-deux-ans\/"},"author":{"name":"Samuel Parent","@id":"https:\/\/www.langlais.com\/es\/#\/schema\/person\/7b104f23fea41eb0a988a47368310383"},"headline":"Un pr\u00e9sum\u00e9 criminel de guerre syrien habiterait Montr\u00e9al depuis deux ans","datePublished":"2021-01-15T13:18:19+00:00","dateModified":"2021-06-02T13:21:09+00:00","mainEntityOfPage":{"@id":"https:\/\/www.langlais.com\/es\/un-presume-criminel-de-guerre-syrien-habiterait-montreal-depuis-deux-ans\/"},"wordCount":231,"commentCount":0,"publisher":{"@id":"https:\/\/www.langlais.com\/es\/#organization"},"image":{"@id":"https:\/\/www.langlais.com\/es\/un-presume-criminel-de-guerre-syrien-habiterait-montreal-depuis-deux-ans\/#primaryimage"},"thumbnailUrl":"https:\/\/www.langlais.com\/wp-content\/uploads\/2019\/06\/journaldemontreal-300.jpg","articleSection":["Dans les m\u00e9dias"],"inLanguage":"es","potentialAction":[{"@type":"CommentAction","name":"Comment","target":["https:\/\/www.langlais.com\/es\/un-presume-criminel-de-guerre-syrien-habiterait-montreal-depuis-deux-ans\/#respond"]}]},{"@type":"WebPage","@id":"https:\/\/www.langlais.com\/es\/un-presume-criminel-de-guerre-syrien-habiterait-montreal-depuis-deux-ans\/","url":"https:\/\/www.langlais.com\/es\/un-presume-criminel-de-guerre-syrien-habiterait-montreal-depuis-deux-ans\/","name":"Un pr\u00e9sum\u00e9 criminel de guerre syrien habiterait Montr\u00e9al depuis deux ans","isPartOf":{"@id":"https:\/\/www.langlais.com\/es\/#website"},"primaryImageOfPage":{"@id":"https:\/\/www.langlais.com\/es\/un-presume-criminel-de-guerre-syrien-habiterait-montreal-depuis-deux-ans\/#primaryimage"},"image":{"@id":"https:\/\/www.langlais.com\/es\/un-presume-criminel-de-guerre-syrien-habiterait-montreal-depuis-deux-ans\/#primaryimage"},"thumbnailUrl":"https:\/\/www.langlais.com\/wp-content\/uploads\/2019\/06\/journaldemontreal-300.jpg","datePublished":"2021-01-15T13:18:19+00:00","dateModified":"2021-06-02T13:21:09+00:00","description":"Un pr\u00e9sum\u00e9 criminel de guerre syrien, membre d\u2019une milice affili\u00e9e au r\u00e9gime Al-Assad et associ\u00e9e \u00e0 des crimes odieux.","breadcrumb":{"@id":"https:\/\/www.langlais.com\/es\/un-presume-criminel-de-guerre-syrien-habiterait-montreal-depuis-deux-ans\/#breadcrumb"},"inLanguage":"es","potentialAction":[{"@type":"ReadAction","target":["https:\/\/www.langlais.com\/es\/un-presume-criminel-de-guerre-syrien-habiterait-montreal-depuis-deux-ans\/"]}]},{"@type":"ImageObject","inLanguage":"es","@id":"https:\/\/www.langlais.com\/es\/un-presume-criminel-de-guerre-syrien-habiterait-montreal-depuis-deux-ans\/#primaryimage","url":"https:\/\/www.langlais.com\/wp-content\/uploads\/2019\/06\/journaldemontreal-300.jpg","contentUrl":"https:\/\/www.langlais.com\/wp-content\/uploads\/2019\/06\/journaldemontreal-300.jpg","width":300,"height":300,"caption":"Le Journal de Montr\u00e9al"},{"@type":"BreadcrumbList","@id":"https:\/\/www.langlais.com\/es\/un-presume-criminel-de-guerre-syrien-habiterait-montreal-depuis-deux-ans\/#breadcrumb","itemListElement":[{"@type":"ListItem","position":1,"name":"Accueil","item":"https:\/\/www.langlais.com\/es\/"},{"@type":"ListItem","position":2,"name":"Un pr\u00e9sum\u00e9 criminel de guerre syrien habiterait Montr\u00e9al depuis deux ans"}]},{"@type":"WebSite","@id":"https:\/\/www.langlais.com\/es\/#website","url":"https:\/\/www.langlais.com\/es\/","name":"Cabinet M\u1d49 Hugues Langlais Avocats en Immigration","description":"","publisher":{"@id":"https:\/\/www.langlais.com\/es\/#organization"},"potentialAction":[{"@type":"SearchAction","target":{"@type":"EntryPoint","urlTemplate":"https:\/\/www.langlais.com\/es\/?s={search_term_string}"},"query-input":{"@type":"PropertyValueSpecification","valueRequired":true,"valueName":"search_term_string"}}],"inLanguage":"es"},{"@type":"Organization","@id":"https:\/\/www.langlais.com\/es\/#organization","name":"Cabinet M\u1d49 Hugues Langlais Avocats en Immigration","url":"https:\/\/www.langlais.com\/es\/","logo":{"@type":"ImageObject","inLanguage":"es","@id":"https:\/\/www.langlais.com\/es\/#\/schema\/logo\/image\/","url":"https:\/\/www.langlais.com\/wp-content\/uploads\/2019\/05\/Cabinet-Me-Hugues-Langlais-logo-sq.jpg","contentUrl":"https:\/\/www.langlais.com\/wp-content\/uploads\/2019\/05\/Cabinet-Me-Hugues-Langlais-logo-sq.jpg","width":578,"height":578,"caption":"Cabinet M\u1d49 Hugues Langlais Avocats en Immigration"},"image":{"@id":"https:\/\/www.langlais.com\/es\/#\/schema\/logo\/image\/"},"sameAs":["https:\/\/www.facebook.com\/langlaisimmigration\/","https:\/\/x.com\/LanglaisLawFirm","https:\/\/www.linkedin.com\/in\/hugueslanglais4immigrationlaw\/","https:\/\/www.youtube.com\/channel\/UCBKNZKz80QxrR4P253Hmykw"]},{"@type":"Person","@id":"https:\/\/www.langlais.com\/es\/#\/schema\/person\/7b104f23fea41eb0a988a47368310383","name":"Samuel Parent","image":{"@type":"ImageObject","inLanguage":"es","@id":"https:\/\/secure.gravatar.com\/avatar\/3c0a26efadacc1c6a046e08e2e36d134acae26fea37b1e9426bb6cb665fe178c?s=96&d=mm&r=g","url":"https:\/\/secure.gravatar.com\/avatar\/3c0a26efadacc1c6a046e08e2e36d134acae26fea37b1e9426bb6cb665fe178c?s=96&d=mm&r=g","contentUrl":"https:\/\/secure.gravatar.com\/avatar\/3c0a26efadacc1c6a046e08e2e36d134acae26fea37b1e9426bb6cb665fe178c?s=96&d=mm&r=g","caption":"Samuel Parent"},"sameAs":["https:\/\/www.langlais.com\/"],"url":"https:\/\/www.langlais.com\/es\/author\/samuelparent\/"}]}},"_links":{"self":[{"href":"https:\/\/www.langlais.com\/es\/wp-json\/wp\/v2\/posts\/4246","targetHints":{"allow":["GET"]}}],"collection":[{"href":"https:\/\/www.langlais.com\/es\/wp-json\/wp\/v2\/posts"}],"about":[{"href":"https:\/\/www.langlais.com\/es\/wp-json\/wp\/v2\/types\/post"}],"author":[{"embeddable":true,"href":"https:\/\/www.langlais.com\/es\/wp-json\/wp\/v2\/users\/10"}],"replies":[{"embeddable":true,"href":"https:\/\/www.langlais.com\/es\/wp-json\/wp\/v2\/comments?post=4246"}],"version-history":[{"count":1,"href":"https:\/\/www.langlais.com\/es\/wp-json\/wp\/v2\/posts\/4246\/revisions"}],"predecessor-version":[{"id":4248,"href":"https:\/\/www.langlais.com\/es\/wp-json\/wp\/v2\/posts\/4246\/revisions\/4248"}],"wp:featuredmedia":[{"embeddable":true,"href":"https:\/\/www.langlais.com\/es\/wp-json\/wp\/v2\/media\/3405"}],"wp:attachment":[{"href":"https:\/\/www.langlais.com\/es\/wp-json\/wp\/v2\/media?parent=4246"}],"wp:term":[{"taxonomy":"category","embeddable":true,"href":"https:\/\/www.langlais.com\/es\/wp-json\/wp\/v2\/categories?post=4246"},{"taxonomy":"post_tag","embeddable":true,"href":"https:\/\/www.langlais.com\/es\/wp-json\/wp\/v2\/tags?post=4246"}],"curies":[{"name":"wp","href":"https:\/\/api.w.org\/{rel}","templated":true}]}}